{"id":50807,"date":"2019-08-08T11:46:22","date_gmt":"2019-08-08T15:46:22","guid":{"rendered":"https:\/\/linitiative.ca\/International\/jeux-africains-lancement-de-la-caravane-de-promotion-a-rabat\/"},"modified":"2019-08-08T11:46:22","modified_gmt":"2019-08-08T15:46:22","slug":"jeux-africains-lancement-de-la-caravane-de-promotion-a-rabat","status":"publish","type":"post","link":"https:\/\/linitiative.ca\/International\/jeux-africains-lancement-de-la-caravane-de-promotion-a-rabat\/","title":{"rendered":"Jeux africains: Lancement de la caravane de promotion \u00e0 Rabat"},"content":{"rendered":"<p class=\"c4\"><strong><span class=\"c2\">L<\/span><span class=\"c3\">a caravane visant la promotion de la 12\u00e8 \u00e9dition des Jeux africains (JAR), qui se tiendra du 19 au 31 ao\u00fbt dans plusieurs villes du Royaume, a \u00e9t\u00e9 lanc\u00e9e lundi \u00e0 Rabat.<\/span><\/strong><\/p>\n<p class=\"c4\">\u00a0Mise en place par le Comit\u00e9 d\u2019organisation des Jeux africains de Rabat, la caravane mobile sillonnera plusieurs villes, du 05 au 16 aout, dans le but de promouvoir les diff\u00e9rentes disciplines au programme de cette comp\u00e9tition aupr\u00e8s du grand public \u00e0 travers une animation musicale, des jeux concours et la vente de produits d\u00e9riv\u00e9s.<\/p>\n<p class=\"c4\">Emmen\u00e9e par la mascotte des JAR, la caravane, compos\u00e9e de deux v\u00e9hicules am\u00e9nag\u00e9s, traversera les villes de K\u00e9nitra, Mekn\u00e8s, F\u00e8s, Nador, Oujda, Saidia, Al Hoceima, M\u2019diq, Tanger, Assilah, Settat, Marrakech, Agadir, Essaouira, El Oualidia, Safi et El Jadida.<\/p>\n<p class=\"c4\">Dans une d\u00e9claration \u00e0 cette occasion, le directeur g\u00e9n\u00e9ral de cette \u00e9dition, Abdelatif Abbad, a indiqu\u00e9 que cette caravane s\u2019inscrit dans le cadre du programme mis en place par le comit\u00e9 d\u2019organisation ayant pour objectif de faire conna\u00eetre ce grand \u00e9v\u00e9nement sportif sur le terrain aupr\u00e8s du grand public \u00e0 travers des animations divertissantes.<\/p>\n<p class=\"c4\">\u00a0Les pr\u00e9paratifs de cette grande comp\u00e9tition sportive vont bon train, s\u2019est d\u2019ailleurs f\u00e9licit\u00e9 Abbad, notant que le comit\u00e9 d\u2019organisation est \u00ab\u00a0tr\u00e8s satisfait\u00a0\u00bb du travail accompli depuis plusieurs mois notamment au niveau de la mise \u00e0 niveau des principales infrastructures sportives. Pour sa part, le pr\u00e9sident de l\u2019Union des Conf\u00e9d\u00e9rations sportives africaines (UCSA), Ahmed Nasser, a indiqu\u00e9 que cette caravane permettra de jeter la lumi\u00e8re sur cet \u00e9v\u00e9nement sportif qui sera marqu\u00e9 par la participation de milliers d\u2019athl\u00e8tes engag\u00e9s dans 29 disciplines, dont 17 qualifiantes aux Jeux Olympiques de Tokyo.<\/p>\n<p class=\"c4\">\u00a0Tout en mettant en avant l\u2019aspect f\u00e9d\u00e9rateur des Jeux africains qui repr\u00e9sentent une comp\u00e9tition sportive multidisciplinaire visant \u00e0 promouvoir le sport africain de haut niveau et \u00e0 encourager les \u00e9changes culturels entre les pays du continent, M. Nasser a soulign\u00e9 l\u2019importance de cette campagne de promotion, mise en place afin de contribuer au succ\u00e8s de ces jeux. Le Royaume du Maroc a relev\u00e9 un d\u00e9fi de taille en acceptant l\u2019organisation des Jeux africains neuf mois seulement avant le lancement officiel de la comp\u00e9tition, a soutenu M. Nasser, f\u00e9licitant le comit\u00e9 d\u2019organisation pour l\u2019ensemble des efforts consentis pour garantir la r\u00e9ussite de cette douzi\u00e8me \u00e9dition.<\/p>\n<p class=\"c4\">Le pr\u00e9sident de l\u2019UCSA s\u2019est montr\u00e9 tr\u00e8s confiant en l\u2019exp\u00e9rience et l\u2019expertise du Maroc dans l\u2019organisation de grands rendez-vous sportifs, mettant en avant les capacit\u00e9s organisationnelles et infrastructurelles du Royaume, \u00abce qui ne manquera pas, sans doute, de faire de cette \u00e9dition l\u2019une des plus r\u00e9ussies\u00bb. Plac\u00e9e sous le Haut Patronage de SM le Roi Mohammed VI, la 12e \u00e9dition des Jeux Africains se d\u00e9roulera dans les villes de Rabat, Sal\u00e9, Temara, Casablanca, Benslimane et El Jadida, avec la participation de pr\u00e8s de 6.500 athl\u00e8tes.<\/p>\n<p>Auteur: M&rsquo;hammed rahal<br \/>\n<a href=\"http:\/\/albayane.press.ma\/jeux-africains-lancement-de-la-caravane-de-promotion-a-rabat.html\">Cliquez ici pour lire l&rsquo;article depuis sa source.<\/a><\/p>\n","protected":false},"excerpt":{"rendered":"<p>La caravane visant la promotion de la 12\u00e8 \u00e9dition des Jeux africains (JAR), qui se tiendra du 19 au 31 ao\u00fbt dans plusieurs villes du Royaume, a \u00e9t\u00e9 lanc\u00e9e lundi \u00e0 Rabat. \u00a0Mise en place par le Comit\u00e9 d\u2019organisation des Jeux africains de Rabat, la caravane mobile sillonnera plusieurs villes, du 05 au 16 aout, [&hellip;]<\/p>\n","protected":false},"author":1760,"featured_media":0,"comment_status":"closed","ping_status":"closed","sticky":false,"template":"","format":"standard","meta":{"fifu_image_url":"","fifu_image_alt":"","footnotes":""},"categories":[73,54],"tags":[],"class_list":["post-50807","post","type-post","status-publish","format-standard","hentry","category-actualite","category-maroc"],"_links":{"self":[{"href":"https:\/\/linitiative.ca\/International\/wp-json\/wp\/v2\/posts\/50807","targetHints":{"allow":["GET"]}}],"collection":[{"href":"https:\/\/linitiative.ca\/International\/wp-json\/wp\/v2\/posts"}],"about":[{"href":"https:\/\/linitiative.ca\/International\/wp-json\/wp\/v2\/types\/post"}],"author":[{"embeddable":true,"href":"https:\/\/linitiative.ca\/International\/wp-json\/wp\/v2\/users\/1760"}],"replies":[{"embeddable":true,"href":"https:\/\/linitiative.ca\/International\/wp-json\/wp\/v2\/comments?post=50807"}],"version-history":[{"count":0,"href":"https:\/\/linitiative.ca\/International\/wp-json\/wp\/v2\/posts\/50807\/revisions"}],"wp:attachment":[{"href":"https:\/\/linitiative.ca\/International\/wp-json\/wp\/v2\/media?parent=50807"}],"wp:term":[{"taxonomy":"category","embeddable":true,"href":"https:\/\/linitiative.ca\/International\/wp-json\/wp\/v2\/categories?post=50807"},{"taxonomy":"post_tag","embeddable":true,"href":"https:\/\/linitiative.ca\/International\/wp-json\/wp\/v2\/tags?post=50807"}],"curies":[{"name":"wp","href":"https:\/\/api.w.org\/{rel}","templated":true}]}}