{"id":50808,"date":"2019-08-08T05:28:38","date_gmt":"2019-08-08T09:28:38","guid":{"rendered":"https:\/\/linitiative.ca\/International\/hong-kong-pekin-met-en-garde-les-manifestants\/"},"modified":"2019-08-08T05:28:38","modified_gmt":"2019-08-08T09:28:38","slug":"hong-kong-pekin-met-en-garde-les-manifestants","status":"publish","type":"post","link":"https:\/\/linitiative.ca\/International\/hong-kong-pekin-met-en-garde-les-manifestants\/","title":{"rendered":"Hong Kong: P\u00e9kin met en garde les manifestants"},"content":{"rendered":"<p class=\"c4\"><span class=\"c3\"><strong>\u00ab<span class=\"c2\">N<\/span>e sous-estimez jamais la ferme d\u00e9termination et la puissance immense du gouvernement central\u00bb, \u00abCela doit \u00eatre clair pour le tout petit groupe de criminels violents et sans scrupules et les forces r\u00e9pugnantes qui se cachent derri\u00e8re eux: ceux qui jouent avec le feu p\u00e9riront par le feu\u00bb.<\/strong><\/span><\/p>\n<p class=\"c4\">C\u2019est en ces termes qu\u2019apr\u00e8s une journ\u00e9e marqu\u00e9e par une gr\u00e8ve g\u00e9n\u00e9rale et des perturbations dans les transports, Yang Guang, le porte-parole du Bureau des affaires de Hong Kong et Macao du gouvernement de P\u00e9kin, s\u2019est adress\u00e9, ce mardi, devant un parterre de journalistes, aux manifestants hongkongais pro-d\u00e9mocratie accus\u00e9s d\u2019\u00eatre appuy\u00e9s par des \u00abforces \u00e9trang\u00e8res\u00bb pour les forcer \u00e0 mettre fin \u00e0 leur mouvement de r\u00e9volte.<\/p>\n<p class=\"c4\">Pour rappel, cela fait deux mois que les hongkongais \u00e9taient descendus dans la rue pour d\u00e9noncer un projet de loi qui visait \u00e0 autoriser les extraditions vers le reste de la Chine. Or, m\u00eame si, sous la pression de la rue, ce projet de loi a fini par \u00eatre retir\u00e9, les manifestations n\u2019ont pas cess\u00e9. Elles ont m\u00eame pris une tournure encore plus violente\u00a0puisque les contestataires r\u00e9clament, d\u00e9sormais, non seulement l\u2019enterrement d\u00e9finitif dudit projet de loi mais \u00e9galement la t\u00eate de Carrie Lam, la dirigeante de l\u2019ex\u00e9cutif local qui, en consid\u00e9rant que Hong Kong se trouve \u00abau bord d\u2019une situation tr\u00e8s dangereuse\u00bb assure que le gouvernement va \u00eatre \u00abferme pour maintenir la loi et l\u2019ordre et r\u00e9tablir la confiance\u00bb.<\/p>\n<p class=\"c4\">D\u2019ailleurs, ce lundi la police a proc\u00e9d\u00e9 \u00e0 pr\u00e8s de 150 arrestations et lanc\u00e9 quelques 800 bombes lacrymog\u00e8nes\u00a0en direction des manifestants ; du jamais vu en une seule journ\u00e9e\u00a0!<\/p>\n<p class=\"c4\">Mais, soucieuse, toutefois, de ne point raviver le spectre de Tian an men et de provoquer, par ailleurs, une catastrophe financi\u00e8re dans l\u2019une des plus grandes places d\u2019Asie, l\u2019administration de P\u00e9kin a laiss\u00e9, pour le moment, les forces de l\u2019ordre hongkongaises g\u00e9rer la situation en se disant convaincue que ces derni\u00e8res sont \u00abpleinement en mesure de punir les violences conform\u00e9ment \u00e0 la loi et de r\u00e9tablir l\u2019ordre et la stabilit\u00e9 sociale\u00bb.<\/p>\n<p class=\"c4\">Plus t\u00f4t dans la journ\u00e9e de mardi, des militants hongkongais \u00abcagoul\u00e9s\u00bb \u2013 deux hommes et une femme v\u00eatus de t-shirts noirs et de casques de chantier \u2013 d\u00e9sireux de ne point laisser \u00e0 P\u00e9kin le monopole de la communication ont, dans un point de presse donn\u00e9 \u00abpar le peuple, pour le peuple\u00bb et non pas au nom d\u2019un quelconque parti politique, r\u00e9clam\u00e9 la protection des libert\u00e9s pour chaque citoyen et ouvertement \u00abcondamn\u00e9\u00bb le comportement du gouvernement chinois qui, en faisant fi de \u00abl\u2019\u00e9motion de la population\u00bb et en choisissant \u00abde ne pas prendre ses responsabilit\u00e9s\u00bb a fait preuve d\u2019une \u00abincomp\u00e9tence\u00bb et d\u2019une \u00abperte totale d\u2019autodiscipline\u00bb.<\/p>\n<p class=\"c4\">Enfin, \u00e0 Gen\u00e8ve, un porte-parole du Haut Commissariat des Nations Unies aux droits de l\u2019Homme, reconnaissant que des violences ont \u00e9t\u00e9 perp\u00e9tr\u00e9es \u00abdes deux c\u00f4t\u00e9s\u00bb, a invit\u00e9 le gouvernement \u00e0 \u00abentamer un dialogue avec la soci\u00e9t\u00e9 civile\u00bb.<\/p>\n<p class=\"c4\">Cet appel au calme et \u00e0 la concertation va-t-il \u00eatre entendu par les protagonistes apr\u00e8s deux mois d\u2019affrontement\u00a0? Attendons pour voir\u2026<\/p>\n<p class=\"c5\"><strong>Nabil El Bousaadi<\/strong><\/p>\n<p>Auteur: M&rsquo;hammed rahal<br \/>\n<a href=\"http:\/\/albayane.press.ma\/hong-kong-pekin-met-en-garde-les-manifestants.html\">Cliquez ici pour lire l&rsquo;article depuis sa source.<\/a><\/p>\n","protected":false},"excerpt":{"rendered":"<p>\u00abNe sous-estimez jamais la ferme d\u00e9termination et la puissance immense du gouvernement central\u00bb, \u00abCela doit \u00eatre clair pour le tout petit groupe de criminels violents et sans scrupules et les forces r\u00e9pugnantes qui se cachent derri\u00e8re eux: ceux qui jouent avec le feu p\u00e9riront par le feu\u00bb. C\u2019est en ces termes qu\u2019apr\u00e8s une journ\u00e9e marqu\u00e9e [&hellip;]<\/p>\n","protected":false},"author":1760,"featured_media":0,"comment_status":"closed","ping_status":"closed","sticky":false,"template":"","format":"standard","meta":{"fifu_image_url":"","fifu_image_alt":"","footnotes":""},"categories":[73,54],"tags":[],"class_list":["post-50808","post","type-post","status-publish","format-standard","hentry","category-actualite","category-maroc"],"_links":{"self":[{"href":"https:\/\/linitiative.ca\/International\/wp-json\/wp\/v2\/posts\/50808","targetHints":{"allow":["GET"]}}],"collection":[{"href":"https:\/\/linitiative.ca\/International\/wp-json\/wp\/v2\/posts"}],"about":[{"href":"https:\/\/linitiative.ca\/International\/wp-json\/wp\/v2\/types\/post"}],"author":[{"embeddable":true,"href":"https:\/\/linitiative.ca\/International\/wp-json\/wp\/v2\/users\/1760"}],"replies":[{"embeddable":true,"href":"https:\/\/linitiative.ca\/International\/wp-json\/wp\/v2\/comments?post=50808"}],"version-history":[{"count":0,"href":"https:\/\/linitiative.ca\/International\/wp-json\/wp\/v2\/posts\/50808\/revisions"}],"wp:attachment":[{"href":"https:\/\/linitiative.ca\/International\/wp-json\/wp\/v2\/media?parent=50808"}],"wp:term":[{"taxonomy":"category","embeddable":true,"href":"https:\/\/linitiative.ca\/International\/wp-json\/wp\/v2\/categories?post=50808"},{"taxonomy":"post_tag","embeddable":true,"href":"https:\/\/linitiative.ca\/International\/wp-json\/wp\/v2\/tags?post=50808"}],"curies":[{"name":"wp","href":"https:\/\/api.w.org\/{rel}","templated":true}]}}