{"id":50810,"date":"2019-08-08T06:01:39","date_gmt":"2019-08-08T10:01:39","guid":{"rendered":"https:\/\/linitiative.ca\/International\/la-france-se-mobilise-contre-les-feminicides-un-fleau-qui-ne-cesse-de-prendre-de-lampleur\/"},"modified":"2019-08-08T06:01:39","modified_gmt":"2019-08-08T10:01:39","slug":"la-france-se-mobilise-contre-les-feminicides-un-fleau-qui-ne-cesse-de-prendre-de-lampleur","status":"publish","type":"post","link":"https:\/\/linitiative.ca\/International\/la-france-se-mobilise-contre-les-feminicides-un-fleau-qui-ne-cesse-de-prendre-de-lampleur\/","title":{"rendered":"La France se mobilise contre les f\u00e9minicides, un fl\u00e9au qui ne cesse de prendre de l\u2019ampleur"},"content":{"rendered":"<p class=\"c4\"><span class=\"c3\"><strong><span class=\"c2\">E<\/span>n 2018, 121 femmes ont \u00e9t\u00e9 tu\u00e9es en France, victimes de violences conjugales. Un triste record qui sera \u00e9gal\u00e9 voire d\u00e9pass\u00e9 en 2019, avec 83 f\u00e9minicides recens\u00e9s par les m\u00e9dias \u00e0 fin juillet dernier. Un fl\u00e9au qui suscite l\u2019indignation de la soci\u00e9t\u00e9 civile, poussant le gouvernement \u00e0 r\u00e9agir et \u00e0 se mobiliser.<\/strong><\/span><\/p>\n<p class=\"c4\">Critiqu\u00e9 pour sa passivit\u00e9 face \u00e0 un ph\u00e9nom\u00e8ne qui ne cesse de prendre de l\u2019ampleur, l\u2019Ex\u00e9cutif a d\u00e9cid\u00e9 de lancer une grande concertation nationale sur les violences conjugales, d\u00e8s la rentr\u00e9e.<\/p>\n<p class=\"c4\">\u00abNous allons organiser le 3 septembre \u00e0 Matignon un Grenelle des violences conjugales. C\u2019est une premi\u00e8re. Il sera introduit par le Premier ministre et r\u00e9unira les ministres concern\u00e9s, acteurs de terrain, services publics, associations, familles de victimes, afin de construire ensemble des mesures efficaces pour enrayer ce ph\u00e9nom\u00e8ne\u00bb, a d\u00e9clar\u00e9, d\u00e9but juillet, la Secr\u00e9taire d\u2019Etat \u00e0 l\u2019Egalit\u00e9 femmes-hommes, Marl\u00e8ne Schiappa, pr\u00e9cisant que cet \u00e9v\u00e9nement sera accompagn\u00e9 d\u2019une \u00abmobilisation nationale avec une grande consultation citoyenne et une campagne pour interpeller toute la soci\u00e9t\u00e9\u00bb.<\/p>\n<p class=\"c4\">Cette grande concertation, qui sera introduite par le Premier ministre Edouard Philippe, r\u00e9unira les ministres concern\u00e9s, acteurs de terrain, services publics, associations et familles de victimes. Elle s\u2019ouvrira \u00able 3\/9\/19, en \u00e9cho au num\u00e9ro 3919\u00bb, la ligne t\u00e9l\u00e9phonique consacr\u00e9e aux femmes victimes de violences.<\/p>\n<p class=\"c4\">L\u2019annonce par l\u2019Ex\u00e9cutif fran\u00e7ais de cette grande concertation intervient alors que le ph\u00e9nom\u00e8ne des violences mortelles \u00e0 l\u2019encontre des femmes prend de plus en plus de place dans le d\u00e9bat public.<\/p>\n<p class=\"c4\">A travers des tribunes, des \u00e9ditoriaux et des analyses, la presse fran\u00e7aise s\u2019est empar\u00e9e de ce ph\u00e9nom\u00e8ne qui inqui\u00e8te de plus en plus en France, r\u00e9percutant la mobilisation in\u00e9dite de la soci\u00e9t\u00e9 civile.<\/p>\n<p class=\"c4\">Ainsi, face \u00e0 une situation alarmante, les sit-in se succ\u00e8dent partout dans l\u2019hexagone pour exiger des mesures urgentes et imm\u00e9diates afin de juguler ce ph\u00e9nom\u00e8ne qui interpelle tout le monde.<\/p>\n<p class=\"c4\">Le pr\u00e9sident fran\u00e7ais Emmanuel Macron a lui-m\u00eame reconnu que la France n\u2019avait \u00abpas su prot\u00e9ger\u00bb les victimes de meurtres commis par des conjoints ou anciens compagnons.<\/p>\n<p class=\"c4\">\u00abMesdames, la R\u00e9publique n\u2019a pas su vous prot\u00e9ger [\u2026] La violence qui vous a co\u00fbt\u00e9 la vie nous \u00e9c\u0153ure, nous r\u00e9volte \u00bb, a indiqu\u00e9 le pr\u00e9sident Emmanuel Macron, en \u00e9grenant, dans un message sur sa page Facebook, les pr\u00e9noms d\u2019une cinquantaine de victimes, apr\u00e8s un sit-in organis\u00e9 \u00e0 Paris par le Collectif des proches et des familles de victimes de f\u00e9minicides.<\/p>\n<p class=\"c4\">Pour le journal Le Monde, les f\u00e9minicides doivent \u00eatre consid\u00e9r\u00e9s comme \u00abune urgence nationale\u00bb, car \u00ables violences mortelles contre les femmes deviennent un probl\u00e8me soci\u00e9tal majeur en France, o\u00f9 les dispositifs de protection sont d\u00e9faillants\u00bb.<\/p>\n<p class=\"c4\">Il s\u2019agit, pour ce journal \u00e0 large diffusion, d\u2019\u00abun combat de soci\u00e9t\u00e9\u00bb, car les statistiques sur les f\u00e9minicides \u00abdonnent le vertige et pourraient laisser croire que le ph\u00e9nom\u00e8ne s\u2019est banalis\u00e9 dans une sorte d\u2019indiff\u00e9rence, comme si la soci\u00e9t\u00e9 avouait son impuissance\u00bb.<\/p>\n<p class=\"c4\">Pourtant, les pouvoirs publics ne sont pas inertes. Des mesures ont \u00e9t\u00e9 prises depuis les ordonnances de protection, les bracelets \u00e9lectroniques d\u2019\u00e9loignement interdisant au porteur de menace de d\u00e9passer un p\u00e9rim\u00e8tre donn\u00e9, ou encore les \u00abt\u00e9l\u00e9phones grave danger\u00bb (TGD), qui permettent de b\u00e9n\u00e9ficier d\u2019une assistance imm\u00e9diate gr\u00e2ce \u00e0 un bo\u00eetier sp\u00e9cial.<\/p>\n<p class=\"c4\">Mais ces mesures se sont r\u00e9v\u00e9l\u00e9es \u00abnettement insuffisantes face \u00e0 un danger en forte croissance\u00bb, regrette Le Monde \u00e9pinglant au passage le fait qu\u2019en France, \u00abl\u2019arsenal mis en place est souvent mal appliqu\u00e9 et les moyens financiers restent insuffisants\u00bb.<\/p>\n<p class=\"c4\">Alors que 506 millions d\u2019euros seraient n\u00e9cessaires chaque ann\u00e9e pour accompagner les femmes victimes de violences conjugales en France, selon un rapport de 2018, sign\u00e9 par plusieurs associations f\u00e9ministes et par le Conseil \u00e9conomique, social et environnemental, intitul\u00e9 \u00abO\u00f9 est l\u2019argent de la lutte contre les violences faites aux femmes ?\u00bb, seuls 79 millions sont pour l\u2019instant sur la table.<\/p>\n<p class=\"c4\">A titre de comparaison, l\u2019Espagne, souvent cit\u00e9e comme le bon \u00e9l\u00e8ve europ\u00e9en, d\u00e9pense 200 millions d\u2019euros chaque ann\u00e9e dans la protection des femmes victimes.<\/p>\n<p class=\"c4\">Mais la r\u00e9ponse du gouvernement \u00e0 cette probl\u00e9matique soci\u00e9tale n\u2019a pas plu \u00e0 la soci\u00e9t\u00e9 civile qui reproche au gouvernement son laxisme face \u00e0 une \u00aburgence nationale\u00bb.<\/p>\n<p class=\"c4\">\u00abUne r\u00e9union dans deux mois et des r\u00e9sultats dans cinq (apr\u00e8s l\u2019adoption du budget de l\u2019Etat). Le d\u00e9calage entre la mobilisation in\u00e9dite de la soci\u00e9t\u00e9 contre les f\u00e9minicides et les r\u00e9ponses apport\u00e9es est flagrant\u00bb, s\u2019est indign\u00e9 le collectif NousToutes, l\u2019un des collectifs les plus actifs.<\/p>\n<p class=\"c4\">Cette probl\u00e9matique et le traitement qui lui est r\u00e9serv\u00e9 par l\u2019Ex\u00e9cutif s\u2019est m\u00eame invit\u00e9e au d\u00e9bat politique. Des s\u00e9nateurs ont interpell\u00e9 le gouvernement sur l\u2019\u00e9galit\u00e9 femmes-hommes \u00e9rig\u00e9e en \u00abgrande cause\u00bb du quinquennat, mais \u00abdont on ne voit pas bien les r\u00e9sultats\u00bb.<\/p>\n<p class=\"c4\">\u00abO\u00f9 est la grande cause du quinquennat ?\u00bb, ont interpell\u00e9 150 s\u00e9nateurs, dans une tribune diffus\u00e9e par le journal Lib\u00e9ration.<\/p>\n<p class=\"c4\">Selon l\u2019ONU, le f\u00e9minicide est la forme la plus extr\u00eame de violence contre les femmes et la plus grande manifestation de l\u2019in\u00e9galit\u00e9 hommes-femmes.<\/p>\n<p class=\"c4\">En attendant le r\u00e9sultat de ce \u00abGrenelle\u00bb, la soci\u00e9t\u00e9 civile multiplie les initiatives, tout en maintenant la pression.<\/p>\n<p class=\"c4\">\u00abNous allons tout faire pour que ce \u00abgrenelle\u00bb ne soit pas un coup d\u2019\u00e9p\u00e9e dans l\u2019eau ou un simple coup de com\u2019\u00bb, affirme la Fondation des femmes qui milite aux c\u00f4t\u00e9s du Collectif des familles de victimes de f\u00e9minicides et d\u2019autres associations.<\/p>\n<p class=\"c5\"><strong>Jalila Ajaja<\/strong> (MAP)<\/p>\n<p>Auteur: M&rsquo;hammed rahal<br \/>\n<a href=\"http:\/\/albayane.press.ma\/la-france-se-mobilise-contre-les-feminicides-un-fleau-qui-ne-cesse-de-prendre-de-lampleur.html\">Cliquez ici pour lire l&rsquo;article depuis sa source.<\/a><\/p>\n","protected":false},"excerpt":{"rendered":"<p>En 2018, 121 femmes ont \u00e9t\u00e9 tu\u00e9es en France, victimes de violences conjugales. Un triste record qui sera \u00e9gal\u00e9 voire d\u00e9pass\u00e9 en 2019, avec 83 f\u00e9minicides recens\u00e9s par les m\u00e9dias \u00e0 fin juillet dernier. Un fl\u00e9au qui suscite l\u2019indignation de la soci\u00e9t\u00e9 civile, poussant le gouvernement \u00e0 r\u00e9agir et \u00e0 se mobiliser. Critiqu\u00e9 pour sa [&hellip;]<\/p>\n","protected":false},"author":1760,"featured_media":0,"comment_status":"closed","ping_status":"closed","sticky":false,"template":"","format":"standard","meta":{"fifu_image_url":"","fifu_image_alt":"","footnotes":""},"categories":[73,54],"tags":[],"class_list":["post-50810","post","type-post","status-publish","format-standard","hentry","category-actualite","category-maroc"],"_links":{"self":[{"href":"https:\/\/linitiative.ca\/International\/wp-json\/wp\/v2\/posts\/50810","targetHints":{"allow":["GET"]}}],"collection":[{"href":"https:\/\/linitiative.ca\/International\/wp-json\/wp\/v2\/posts"}],"about":[{"href":"https:\/\/linitiative.ca\/International\/wp-json\/wp\/v2\/types\/post"}],"author":[{"embeddable":true,"href":"https:\/\/linitiative.ca\/International\/wp-json\/wp\/v2\/users\/1760"}],"replies":[{"embeddable":true,"href":"https:\/\/linitiative.ca\/International\/wp-json\/wp\/v2\/comments?post=50810"}],"version-history":[{"count":0,"href":"https:\/\/linitiative.ca\/International\/wp-json\/wp\/v2\/posts\/50810\/revisions"}],"wp:attachment":[{"href":"https:\/\/linitiative.ca\/International\/wp-json\/wp\/v2\/media?parent=50810"}],"wp:term":[{"taxonomy":"category","embeddable":true,"href":"https:\/\/linitiative.ca\/International\/wp-json\/wp\/v2\/categories?post=50810"},{"taxonomy":"post_tag","embeddable":true,"href":"https:\/\/linitiative.ca\/International\/wp-json\/wp\/v2\/tags?post=50810"}],"curies":[{"name":"wp","href":"https:\/\/api.w.org\/{rel}","templated":true}]}}