{"id":50816,"date":"2019-08-08T06:00:00","date_gmt":"2019-08-08T10:00:00","guid":{"rendered":"https:\/\/linitiative.ca\/International\/incendie-a-la-raffinerie-de-skikda\/"},"modified":"2019-08-08T06:00:00","modified_gmt":"2019-08-08T10:00:00","slug":"incendie-a-la-raffinerie-de-skikda","status":"publish","type":"post","link":"https:\/\/linitiative.ca\/International\/incendie-a-la-raffinerie-de-skikda\/","title":{"rendered":"Incendie \u00e0 la raffinerie de Skikda"},"content":{"rendered":"<div id=\"originalText\" readability=\"53\">\n<p>Un incendie s&rsquo;est d\u00e9clar\u00e9 hier en fin de matin\u00e9e, au niveau du p\u00f4le des hydrocarbures pr\u00e8s des unit\u00e9s de la raffinerie.\u00a0Le foyer de l&rsquo;incendie a pris sur des mauvaises herbes et autres d\u00e9chets solides abandonn\u00e9s depuis des ann\u00e9es pr\u00e8s des torches de la raffinerie.<\/p>\n<p>L\u2019intervention des agents de la FIR (Force d&rsquo;intervention rapide) se trouvant sur place qui ont utilis\u00e9 leurs moyens de lutte anti-incendie et ceux des autres unit\u00e9s n&rsquo;a pas suffi pour circonscrire l&rsquo;incendie et cela durant toute la journ\u00e9e d&rsquo;hier.\u00a0<\/p>\n<p>Heureusement que le feu s&rsquo;est d\u00e9clar\u00e9 loin des installations importantes de cette raffinerie et que des mesures ont \u00e9t\u00e9 prises pour annihiler tout risque de propagation des flammes.\u00a0<\/p>\n<p>Cet incendie s&rsquo;est produit alors que la r\u00e9gion de Skikda conna\u00eet une canicule exceptionnelle, ce qui, d&rsquo;ailleurs, a provoqu\u00e9 d&rsquo;autres incendies, notamment dans les r\u00e9gions foresti\u00e8res \u00e0 l\u2019image du mont de Bissi, pr\u00e8s d\u2019Azzaba, qui a \u00e9t\u00e9 le th\u00e9\u00e2tre d\u2019un incendie une semaine auparavant et qui est de nouveau en feu depuis la nuit de mardi \u00e0 mercredi.<br \/>\u00a0<\/p>\n<p class=\"c10\"><strong>A. Boukarine<\/strong><\/p>\n<\/div>\n<div id=\"text_core\" readability=\"53\">\n<p>Un incendie s&rsquo;est d\u00e9clar\u00e9 hier en fin de matin\u00e9e, au niveau du p\u00f4le des hydrocarbures pr\u00e8s des unit\u00e9s de la raffinerie.\u00a0Le foyer de l&rsquo;incendie a pris sur des mauvaises herbes et autres d\u00e9chets solides abandonn\u00e9s depuis des ann\u00e9es pr\u00e8s des torches de la raffinerie.<\/p>\n<p>L\u2019intervention des agents de la FIR (Force d&rsquo;intervention rapide) se trouvant sur place qui ont utilis\u00e9 leurs moyens de lutte anti-incendie et ceux des autres unit\u00e9s n&rsquo;a pas suffi pour circonscrire l&rsquo;incendie et cela durant toute la journ\u00e9e d&rsquo;hier.\u00a0<\/p>\n<p>Heureusement que le feu s&rsquo;est d\u00e9clar\u00e9 loin des installations importantes de cette raffinerie et que des mesures ont \u00e9t\u00e9 prises pour annihiler tout risque de propagation des flammes.\u00a0<\/p>\n<p>Cet incendie s&rsquo;est produit alors que la r\u00e9gion de Skikda conna\u00eet une canicule exceptionnelle, ce qui, d&rsquo;ailleurs, a provoqu\u00e9 d&rsquo;autres incendies, notamment dans les r\u00e9gions foresti\u00e8res \u00e0 l\u2019image du mont de Bissi, pr\u00e8s d\u2019Azzaba, qui a \u00e9t\u00e9 le th\u00e9\u00e2tre d\u2019un incendie une semaine auparavant et qui est de nouveau en feu depuis la nuit de mardi \u00e0 mercredi.<br \/>\u00a0<\/p>\n<p class=\"c10\"><strong>A. Boukarine<\/strong><\/p>\n<\/div>\n<p>Auteur:<br \/>\n<a href=\"https:\/\/www.liberte-algerie.com\/actualite\/incendie-a-la-raffinerie-de-skikda-321544\">Cliquez ici pour lire l&rsquo;article depuis sa source.<\/a><\/p>\n","protected":false},"excerpt":{"rendered":"<p>Un incendie s&rsquo;est d\u00e9clar\u00e9 hier en fin de matin\u00e9e, au niveau du p\u00f4le des hydrocarbures pr\u00e8s des unit\u00e9s de la raffinerie.\u00a0Le foyer de l&rsquo;incendie a pris sur des mauvaises herbes et autres d\u00e9chets solides abandonn\u00e9s depuis des ann\u00e9es pr\u00e8s des torches de la raffinerie. L\u2019intervention des agents de la FIR (Force d&rsquo;intervention rapide) se trouvant [&hellip;]<\/p>\n","protected":false},"author":1742,"featured_media":0,"comment_status":"closed","ping_status":"closed","sticky":false,"template":"","format":"standard","meta":{"fifu_image_url":"","fifu_image_alt":"","footnotes":""},"categories":[73,53],"tags":[],"class_list":["post-50816","post","type-post","status-publish","format-standard","hentry","category-actualite","category-algerie"],"_links":{"self":[{"href":"https:\/\/linitiative.ca\/International\/wp-json\/wp\/v2\/posts\/50816","targetHints":{"allow":["GET"]}}],"collection":[{"href":"https:\/\/linitiative.ca\/International\/wp-json\/wp\/v2\/posts"}],"about":[{"href":"https:\/\/linitiative.ca\/International\/wp-json\/wp\/v2\/types\/post"}],"author":[{"embeddable":true,"href":"https:\/\/linitiative.ca\/International\/wp-json\/wp\/v2\/users\/1742"}],"replies":[{"embeddable":true,"href":"https:\/\/linitiative.ca\/International\/wp-json\/wp\/v2\/comments?post=50816"}],"version-history":[{"count":0,"href":"https:\/\/linitiative.ca\/International\/wp-json\/wp\/v2\/posts\/50816\/revisions"}],"wp:attachment":[{"href":"https:\/\/linitiative.ca\/International\/wp-json\/wp\/v2\/media?parent=50816"}],"wp:term":[{"taxonomy":"category","embeddable":true,"href":"https:\/\/linitiative.ca\/International\/wp-json\/wp\/v2\/categories?post=50816"},{"taxonomy":"post_tag","embeddable":true,"href":"https:\/\/linitiative.ca\/International\/wp-json\/wp\/v2\/tags?post=50816"}],"curies":[{"name":"wp","href":"https:\/\/api.w.org\/{rel}","templated":true}]}}