{"id":50817,"date":"2019-08-08T06:00:00","date_gmt":"2019-08-08T10:00:00","guid":{"rendered":"https:\/\/linitiative.ca\/International\/plusieurs-quartiers-sans-electricite\/"},"modified":"2019-08-08T06:00:00","modified_gmt":"2019-08-08T10:00:00","slug":"plusieurs-quartiers-sans-electricite","status":"publish","type":"post","link":"https:\/\/linitiative.ca\/International\/plusieurs-quartiers-sans-electricite\/","title":{"rendered":"Plusieurs quartiers sans \u00e9lectricit\u00e9"},"content":{"rendered":"<div id=\"originalText\" readability=\"55\">\n<p>Des coupures de courant \u00e9lectrique ont \u00e9t\u00e9 constat\u00e9es, hier apr\u00e8s-midi, dans plusieurs quartiers de la ville d\u2019El-Eulma, situ\u00e9e \u00e0 vingt-sept kilom\u00e8tres du chef-lieu de wilaya.\u00a0En effet, la cit\u00e9 Mekharbeche-La\u00efd, la cit\u00e9 Houari-Boumediene, les logements LSP \u00e0 la sortie ouest de la ville et autres quartiers ont \u00e9t\u00e9 priv\u00e9s d\u2019\u00e9lectricit\u00e9.<\/p>\n<p>Les pannes r\u00e9p\u00e9t\u00e9es du r\u00e9seau \u00e9lectrique commencent \u00e0 inqui\u00e9ter les habitants desdites cit\u00e9s o\u00f9 des habitants se\u00a0sont plaints des pannes de leurs appareils de climatisation. Nombre de commer\u00e7ants, dont des bouchers, des producteurs et des vendeurs de produits laitiers et autres cr\u00e8mes glac\u00e9es se sont \u00e9galement plaints aupr\u00e8s des services concern\u00e9s.\u00a0<\/p>\n<p>Par ailleurs, l\u2019unit\u00e9 de l\u2019ADE de S\u00e9tif (Alg\u00e9rienne des eaux) a indiqu\u00e9 que des perturbations dans la distribution de l\u2019eau \u00e0 El-Eulma sont principalement dues aux pannes du r\u00e9seau \u00e9lectrique.\u00a0Pour conna\u00eetre les causes de ces pannes r\u00e9currentes, nous avons tent\u00e9 de contacter la responsable de la communication \u00e0 la direction de distribution de S\u00e9tif mais en vain.<br \/>\u00a0<\/p>\n<p class=\"c10\"><strong>FAOUZI SENOUSSAOUI<\/strong><\/p>\n<\/div>\n<div id=\"text_core\" readability=\"55\">\n<p>Des coupures de courant \u00e9lectrique ont \u00e9t\u00e9 constat\u00e9es, hier apr\u00e8s-midi, dans plusieurs quartiers de la ville d\u2019El-Eulma, situ\u00e9e \u00e0 vingt-sept kilom\u00e8tres du chef-lieu de wilaya.\u00a0En effet, la cit\u00e9 Mekharbeche-La\u00efd, la cit\u00e9 Houari-Boumediene, les logements LSP \u00e0 la sortie ouest de la ville et autres quartiers ont \u00e9t\u00e9 priv\u00e9s d\u2019\u00e9lectricit\u00e9.<\/p>\n<p>Les pannes r\u00e9p\u00e9t\u00e9es du r\u00e9seau \u00e9lectrique commencent \u00e0 inqui\u00e9ter les habitants desdites cit\u00e9s o\u00f9 des habitants se\u00a0sont plaints des pannes de leurs appareils de climatisation. Nombre de commer\u00e7ants, dont des bouchers, des producteurs et des vendeurs de produits laitiers et autres cr\u00e8mes glac\u00e9es se sont \u00e9galement plaints aupr\u00e8s des services concern\u00e9s.\u00a0<\/p>\n<p>Par ailleurs, l\u2019unit\u00e9 de l\u2019ADE de S\u00e9tif (Alg\u00e9rienne des eaux) a indiqu\u00e9 que des perturbations dans la distribution de l\u2019eau \u00e0 El-Eulma sont principalement dues aux pannes du r\u00e9seau \u00e9lectrique.\u00a0Pour conna\u00eetre les causes de ces pannes r\u00e9currentes, nous avons tent\u00e9 de contacter la responsable de la communication \u00e0 la direction de distribution de S\u00e9tif mais en vain.<br \/>\u00a0<\/p>\n<p class=\"c10\"><strong>FAOUZI SENOUSSAOUI<\/strong><\/p>\n<\/div>\n<p>Auteur:<br \/>\n<a href=\"https:\/\/www.liberte-algerie.com\/actualite\/plusieurs-quartiers-sans-electricite-321543\">Cliquez ici pour lire l&rsquo;article depuis sa source.<\/a><\/p>\n","protected":false},"excerpt":{"rendered":"<p>Des coupures de courant \u00e9lectrique ont \u00e9t\u00e9 constat\u00e9es, hier apr\u00e8s-midi, dans plusieurs quartiers de la ville d\u2019El-Eulma, situ\u00e9e \u00e0 vingt-sept kilom\u00e8tres du chef-lieu de wilaya.\u00a0En effet, la cit\u00e9 Mekharbeche-La\u00efd, la cit\u00e9 Houari-Boumediene, les logements LSP \u00e0 la sortie ouest de la ville et autres quartiers ont \u00e9t\u00e9 priv\u00e9s d\u2019\u00e9lectricit\u00e9. Les pannes r\u00e9p\u00e9t\u00e9es du r\u00e9seau \u00e9lectrique [&hellip;]<\/p>\n","protected":false},"author":1742,"featured_media":0,"comment_status":"closed","ping_status":"closed","sticky":false,"template":"","format":"standard","meta":{"fifu_image_url":"","fifu_image_alt":"","footnotes":""},"categories":[73,53],"tags":[],"class_list":["post-50817","post","type-post","status-publish","format-standard","hentry","category-actualite","category-algerie"],"_links":{"self":[{"href":"https:\/\/linitiative.ca\/International\/wp-json\/wp\/v2\/posts\/50817","targetHints":{"allow":["GET"]}}],"collection":[{"href":"https:\/\/linitiative.ca\/International\/wp-json\/wp\/v2\/posts"}],"about":[{"href":"https:\/\/linitiative.ca\/International\/wp-json\/wp\/v2\/types\/post"}],"author":[{"embeddable":true,"href":"https:\/\/linitiative.ca\/International\/wp-json\/wp\/v2\/users\/1742"}],"replies":[{"embeddable":true,"href":"https:\/\/linitiative.ca\/International\/wp-json\/wp\/v2\/comments?post=50817"}],"version-history":[{"count":0,"href":"https:\/\/linitiative.ca\/International\/wp-json\/wp\/v2\/posts\/50817\/revisions"}],"wp:attachment":[{"href":"https:\/\/linitiative.ca\/International\/wp-json\/wp\/v2\/media?parent=50817"}],"wp:term":[{"taxonomy":"category","embeddable":true,"href":"https:\/\/linitiative.ca\/International\/wp-json\/wp\/v2\/categories?post=50817"},{"taxonomy":"post_tag","embeddable":true,"href":"https:\/\/linitiative.ca\/International\/wp-json\/wp\/v2\/tags?post=50817"}],"curies":[{"name":"wp","href":"https:\/\/api.w.org\/{rel}","templated":true}]}}