{"id":50820,"date":"2019-08-08T06:00:00","date_gmt":"2019-08-08T10:00:00","guid":{"rendered":"https:\/\/linitiative.ca\/International\/laide-du-ministere-nest-toujours-pas-arrivee\/"},"modified":"2019-08-08T06:00:00","modified_gmt":"2019-08-08T10:00:00","slug":"laide-du-ministere-nest-toujours-pas-arrivee","status":"publish","type":"post","link":"https:\/\/linitiative.ca\/International\/laide-du-ministere-nest-toujours-pas-arrivee\/","title":{"rendered":"L\u2019aide du minist\u00e8re n\u2019est toujours pas arriv\u00e9e"},"content":{"rendered":"<div id=\"originalText\" readability=\"45\">\n<p>L\u2019aide sociale de 6 000 DA, octroy\u00e9e par l\u2019\u00c9tat aux couches d\u00e9favoris\u00e9es \u00e0 l\u2019occasion du Ramadhan, n\u2019est toujours pas parvenue \u00e0 certains b\u00e9n\u00e9ficiaires de la commune de Tizi Ouzou, a-t-on appris.<\/p>\n<p>Un retard de deux mois qui n\u2019a pas \u00e9t\u00e9 du go\u00fbt des ayants droit qui n\u2019arrivent toujours pas \u00e0 comprendre une telle lenteur. Une source \u00e0 l\u2019APC rassure, toutefois, en expliquant que cette aide, \u00e9manant du minist\u00e8re de la Solidarit\u00e9 nationale, sera bient\u00f4t attribu\u00e9e.\u00a0 \u00a0 \u00a0<\/p>\n<\/div>\n<div id=\"text_core\" readability=\"45\">\n<p>L\u2019aide sociale de 6 000 DA, octroy\u00e9e par l\u2019\u00c9tat aux couches d\u00e9favoris\u00e9es \u00e0 l\u2019occasion du Ramadhan, n\u2019est toujours pas parvenue \u00e0 certains b\u00e9n\u00e9ficiaires de la commune de Tizi Ouzou, a-t-on appris.<\/p>\n<p>Un retard de deux mois qui n\u2019a pas \u00e9t\u00e9 du go\u00fbt des ayants droit qui n\u2019arrivent toujours pas \u00e0 comprendre une telle lenteur. Une source \u00e0 l\u2019APC rassure, toutefois, en expliquant que cette aide, \u00e9manant du minist\u00e8re de la Solidarit\u00e9 nationale, sera bient\u00f4t attribu\u00e9e.\u00a0 \u00a0 \u00a0<\/p>\n<\/div>\n<p>Auteur:<br \/>\n<a href=\"https:\/\/www.liberte-algerie.com\/radar\/laide-du-ministere-nest-toujours-pas-arrivee-321539\">Cliquez ici pour lire l&rsquo;article depuis sa source.<\/a><\/p>\n","protected":false},"excerpt":{"rendered":"<p>L\u2019aide sociale de 6 000 DA, octroy\u00e9e par l\u2019\u00c9tat aux couches d\u00e9favoris\u00e9es \u00e0 l\u2019occasion du Ramadhan, n\u2019est toujours pas parvenue \u00e0 certains b\u00e9n\u00e9ficiaires de la commune de Tizi Ouzou, a-t-on appris. Un retard de deux mois qui n\u2019a pas \u00e9t\u00e9 du go\u00fbt des ayants droit qui n\u2019arrivent toujours pas \u00e0 comprendre une telle lenteur. Une [&hellip;]<\/p>\n","protected":false},"author":1742,"featured_media":0,"comment_status":"closed","ping_status":"closed","sticky":false,"template":"","format":"standard","meta":{"fifu_image_url":"","fifu_image_alt":"","footnotes":""},"categories":[73,53],"tags":[],"class_list":["post-50820","post","type-post","status-publish","format-standard","hentry","category-actualite","category-algerie"],"_links":{"self":[{"href":"https:\/\/linitiative.ca\/International\/wp-json\/wp\/v2\/posts\/50820","targetHints":{"allow":["GET"]}}],"collection":[{"href":"https:\/\/linitiative.ca\/International\/wp-json\/wp\/v2\/posts"}],"about":[{"href":"https:\/\/linitiative.ca\/International\/wp-json\/wp\/v2\/types\/post"}],"author":[{"embeddable":true,"href":"https:\/\/linitiative.ca\/International\/wp-json\/wp\/v2\/users\/1742"}],"replies":[{"embeddable":true,"href":"https:\/\/linitiative.ca\/International\/wp-json\/wp\/v2\/comments?post=50820"}],"version-history":[{"count":0,"href":"https:\/\/linitiative.ca\/International\/wp-json\/wp\/v2\/posts\/50820\/revisions"}],"wp:attachment":[{"href":"https:\/\/linitiative.ca\/International\/wp-json\/wp\/v2\/media?parent=50820"}],"wp:term":[{"taxonomy":"category","embeddable":true,"href":"https:\/\/linitiative.ca\/International\/wp-json\/wp\/v2\/categories?post=50820"},{"taxonomy":"post_tag","embeddable":true,"href":"https:\/\/linitiative.ca\/International\/wp-json\/wp\/v2\/tags?post=50820"}],"curies":[{"name":"wp","href":"https:\/\/api.w.org\/{rel}","templated":true}]}}