{"id":50821,"date":"2019-08-08T06:00:00","date_gmt":"2019-08-08T10:00:00","guid":{"rendered":"https:\/\/linitiative.ca\/International\/des-poubelles-deversees-devant-la-daira-et-lapc\/"},"modified":"2019-08-08T06:00:00","modified_gmt":"2019-08-08T10:00:00","slug":"des-poubelles-deversees-devant-la-daira-et-lapc","status":"publish","type":"post","link":"https:\/\/linitiative.ca\/International\/des-poubelles-deversees-devant-la-daira-et-lapc\/","title":{"rendered":"Des poubelles d\u00e9vers\u00e9es devant la da\u00efra et l\u2019APC"},"content":{"rendered":"<div id=\"originalText\" readability=\"47\">\n<p>Dans le but \u00e9vident de manifester leur col\u00e8re contre les responsables locaux, les habitants de la ville de Tighennif, dans la wilaya de Mascara, ont convenu de jetrer leurs ordures devant les si\u00e8ges de la da\u00efra et de l\u2019APC.<\/p>\n<p>Dans la nuit de mardi \u00e0 mercredi, ils sont pass\u00e9s \u00e0 l\u2019action, en l\u2019absence du passage des camions \u00e0 bennes am\u00e9nag\u00e9s \u00e0 cet effet.\u00a0<\/p>\n<p>Le lendemain, les responsables locaux ont mobilis\u00e9 les moyens humains et mat\u00e9riels pour enlever les ordures devant les deux \u00e9difices administratifs. Raison de cette col\u00e8re :\u00a0les camions ne sont pas pass\u00e9s ramasser les ordures 10 jours durant.\u00a0<\/p>\n<\/div>\n<div id=\"text_core\" readability=\"47\">\n<p>Dans le but \u00e9vident de manifester leur col\u00e8re contre les responsables locaux, les habitants de la ville de Tighennif, dans la wilaya de Mascara, ont convenu de jetrer leurs ordures devant les si\u00e8ges de la da\u00efra et de l\u2019APC.<\/p>\n<p>Dans la nuit de mardi \u00e0 mercredi, ils sont pass\u00e9s \u00e0 l\u2019action, en l\u2019absence du passage des camions \u00e0 bennes am\u00e9nag\u00e9s \u00e0 cet effet.\u00a0<\/p>\n<p>Le lendemain, les responsables locaux ont mobilis\u00e9 les moyens humains et mat\u00e9riels pour enlever les ordures devant les deux \u00e9difices administratifs. Raison de cette col\u00e8re :\u00a0les camions ne sont pas pass\u00e9s ramasser les ordures 10 jours durant.\u00a0<\/p>\n<\/div>\n<p>Auteur:<br \/>\n<a href=\"https:\/\/www.liberte-algerie.com\/radar\/des-poubelles-deversees-devant-la-daira-et-lapc-321538\">Cliquez ici pour lire l&rsquo;article depuis sa source.<\/a><\/p>\n","protected":false},"excerpt":{"rendered":"<p>Dans le but \u00e9vident de manifester leur col\u00e8re contre les responsables locaux, les habitants de la ville de Tighennif, dans la wilaya de Mascara, ont convenu de jetrer leurs ordures devant les si\u00e8ges de la da\u00efra et de l\u2019APC. Dans la nuit de mardi \u00e0 mercredi, ils sont pass\u00e9s \u00e0 l\u2019action, en l\u2019absence du passage [&hellip;]<\/p>\n","protected":false},"author":1742,"featured_media":0,"comment_status":"closed","ping_status":"closed","sticky":false,"template":"","format":"standard","meta":{"fifu_image_url":"","fifu_image_alt":"","footnotes":""},"categories":[73,53],"tags":[],"class_list":["post-50821","post","type-post","status-publish","format-standard","hentry","category-actualite","category-algerie"],"_links":{"self":[{"href":"https:\/\/linitiative.ca\/International\/wp-json\/wp\/v2\/posts\/50821","targetHints":{"allow":["GET"]}}],"collection":[{"href":"https:\/\/linitiative.ca\/International\/wp-json\/wp\/v2\/posts"}],"about":[{"href":"https:\/\/linitiative.ca\/International\/wp-json\/wp\/v2\/types\/post"}],"author":[{"embeddable":true,"href":"https:\/\/linitiative.ca\/International\/wp-json\/wp\/v2\/users\/1742"}],"replies":[{"embeddable":true,"href":"https:\/\/linitiative.ca\/International\/wp-json\/wp\/v2\/comments?post=50821"}],"version-history":[{"count":0,"href":"https:\/\/linitiative.ca\/International\/wp-json\/wp\/v2\/posts\/50821\/revisions"}],"wp:attachment":[{"href":"https:\/\/linitiative.ca\/International\/wp-json\/wp\/v2\/media?parent=50821"}],"wp:term":[{"taxonomy":"category","embeddable":true,"href":"https:\/\/linitiative.ca\/International\/wp-json\/wp\/v2\/categories?post=50821"},{"taxonomy":"post_tag","embeddable":true,"href":"https:\/\/linitiative.ca\/International\/wp-json\/wp\/v2\/tags?post=50821"}],"curies":[{"name":"wp","href":"https:\/\/api.w.org\/{rel}","templated":true}]}}