{"id":50827,"date":"2019-08-07T15:27:50","date_gmt":"2019-08-07T19:27:50","guid":{"rendered":"https:\/\/linitiative.ca\/International\/mort-dun-quadragenaire-arrestation-dun-suspect\/"},"modified":"2019-08-07T15:27:50","modified_gmt":"2019-08-07T19:27:50","slug":"mort-dun-quadragenaire-arrestation-dun-suspect","status":"publish","type":"post","link":"https:\/\/linitiative.ca\/International\/mort-dun-quadragenaire-arrestation-dun-suspect\/","title":{"rendered":"Mort d\u2019un quadrag\u00e9naire: Arrestation d\u2019un suspect"},"content":{"rendered":"<div class=\"single-featured\"><img alt=\"\" data-src=\"http:\/\/www.mapmarrakech.ma\/map\/uploads\/2019\/08\/arrestationpolicerak-copier.jpg\"\/><\/div>\n<div class=\"single-post-excerpt post-excerpt-bc\" readability=\"36\">\n<p>Marrakech \u2013 Les services de la pr\u00e9fecture de police de Marrakech ont arr\u00eat\u00e9, mardi, l\u2019un des deux suspects pr\u00e9sum\u00e9s impliqu\u00e9s dans une affaire de coups et blessures ayant entra\u00een\u00e9 la mort d\u2019un quadrag\u00e9naire.<\/p>\n<\/div>\n<div class=\"entry-content clearfix single-post-content\" readability=\"57\">\n<p>La victime, qui vivait en \u00e9tat de vagabondage, a rendu l\u2019\u00e2me \u00e0 l\u2019h\u00f4pital o\u00f9 elle a \u00e9t\u00e9 transport\u00e9e, a indiqu\u00e9 une source s\u00e9curitaire, pr\u00e9cisant que le sans abri a \u00e9t\u00e9 trouv\u00e9 dans un terrain d\u00e9sert au niveau des jardins de la Menara.<\/p>\n<p>Selon la m\u00eame source, les recherches et investigations men\u00e9es par les \u00e9l\u00e9ments de la police judiciaire aussi bien sur les lieux du drame qu\u2019aupr\u00e8s de l\u2019entourage de la victime, ainsi que les expertises techniques et scientifiques r\u00e9alis\u00e9es dans le cadre de l\u2019enqu\u00eate, ont permis l\u2019\u00e9tablissement de l\u2019identit\u00e9 de deux suspects, dont l\u2019un d\u2019eux a \u00e9t\u00e9 interpell\u00e9, mardi, par les m\u00eames services.<\/p>\n<p>Le mis en cause a \u00e9t\u00e9 plac\u00e9 en garde \u00e0 vue, en coordination avec le parquet g\u00e9n\u00e9ral comp\u00e9tent, pour les besoins de l\u2019enqu\u00eate, alors que les recherches se poursuivent pour l\u2019arrestation de son complice, souligne-t-on de m\u00eame source.<\/p>\n<\/div>\n<p>Auteur: Meriem IGASS<br \/>\n<a href=\"http:\/\/www.mapmarrakech.ma\/fr\/affaire-de-coups-et-blessures-arrestation-de-lun-des-suspects\/\">Cliquez ici pour lire l&rsquo;article depuis sa source.<\/a><\/p>\n","protected":false},"excerpt":{"rendered":"<p>Marrakech \u2013 Les services de la pr\u00e9fecture de police de Marrakech ont arr\u00eat\u00e9, mardi, l\u2019un des deux suspects pr\u00e9sum\u00e9s impliqu\u00e9s dans une affaire de coups et blessures ayant entra\u00een\u00e9 la mort d\u2019un quadrag\u00e9naire. La victime, qui vivait en \u00e9tat de vagabondage, a rendu l\u2019\u00e2me \u00e0 l\u2019h\u00f4pital o\u00f9 elle a \u00e9t\u00e9 transport\u00e9e, a indiqu\u00e9 une source [&hellip;]<\/p>\n","protected":false},"author":1788,"featured_media":50828,"comment_status":"closed","ping_status":"closed","sticky":false,"template":"","format":"standard","meta":{"fifu_image_url":"","fifu_image_alt":"","footnotes":""},"categories":[54,76],"tags":[],"class_list":["post-50827","post","type-post","status-publish","format-standard","has-post-thumbnail","hentry","category-maroc","category-regions"],"_links":{"self":[{"href":"https:\/\/linitiative.ca\/International\/wp-json\/wp\/v2\/posts\/50827","targetHints":{"allow":["GET"]}}],"collection":[{"href":"https:\/\/linitiative.ca\/International\/wp-json\/wp\/v2\/posts"}],"about":[{"href":"https:\/\/linitiative.ca\/International\/wp-json\/wp\/v2\/types\/post"}],"author":[{"embeddable":true,"href":"https:\/\/linitiative.ca\/International\/wp-json\/wp\/v2\/users\/1788"}],"replies":[{"embeddable":true,"href":"https:\/\/linitiative.ca\/International\/wp-json\/wp\/v2\/comments?post=50827"}],"version-history":[{"count":0,"href":"https:\/\/linitiative.ca\/International\/wp-json\/wp\/v2\/posts\/50827\/revisions"}],"wp:featuredmedia":[{"embeddable":true,"href":"https:\/\/linitiative.ca\/International\/wp-json\/"}],"wp:attachment":[{"href":"https:\/\/linitiative.ca\/International\/wp-json\/wp\/v2\/media?parent=50827"}],"wp:term":[{"taxonomy":"category","embeddable":true,"href":"https:\/\/linitiative.ca\/International\/wp-json\/wp\/v2\/categories?post=50827"},{"taxonomy":"post_tag","embeddable":true,"href":"https:\/\/linitiative.ca\/International\/wp-json\/wp\/v2\/tags?post=50827"}],"curies":[{"name":"wp","href":"https:\/\/api.w.org\/{rel}","templated":true}]}}