{"id":50829,"date":"2019-08-07T16:51:34","date_gmt":"2019-08-07T20:51:34","guid":{"rendered":"https:\/\/linitiative.ca\/International\/usurpation-de-la-fonction-de-psychiatre-le-suspect-arrete\/"},"modified":"2019-08-07T16:51:34","modified_gmt":"2019-08-07T20:51:34","slug":"usurpation-de-la-fonction-de-psychiatre-le-suspect-arrete","status":"publish","type":"post","link":"https:\/\/linitiative.ca\/International\/usurpation-de-la-fonction-de-psychiatre-le-suspect-arrete\/","title":{"rendered":"Usurpation de la fonction de psychiatre: Le suspect arr\u00eat\u00e9"},"content":{"rendered":"<div class=\"single-featured\"><img alt=\"\" data-src=\"http:\/\/www.mapmarrakech.ma\/map\/uploads\/2019\/03\/arrestation-copier.jpg\"\/><\/div>\n<div class=\"single-post-excerpt post-excerpt-bc\" readability=\"37\">\n<p>Rabat \u2013 Les \u00e9l\u00e9ments du service pr\u00e9fectoral de la police judiciaire de Marrakech ont arr\u00eat\u00e9, mercredi, une personne \u00e2g\u00e9e de 58 ans pour son implication pr\u00e9sum\u00e9e dans une affaire d\u2019usurpation de fonction r\u00e9gie par la loi, de vol et d\u2019escroquerie.<\/p>\n<\/div>\n<div class=\"entry-content clearfix single-post-content\" readability=\"47\">\n<p>Selon les premiers \u00e9l\u00e9ments de l\u2019enqu\u00eate, le suspect a usurp\u00e9 la fonction de psychiatre en ouvrant un faux cabinet au quartier M\u2019hamid \u00e0 Marrakech, a indiqu\u00e9 la Direction g\u00e9n\u00e9rale de la s\u00fbret\u00e9 nationale (DGSN) dans un communiqu\u00e9, ajoutant que le pr\u00e9venu, qui ne dispose d\u2019aucun niveau d\u2019enseignement ou de dipl\u00f4me acad\u00e9mique, a \u00e9galement con\u00e7u des cachets portant sa fausse fonction aux fins d\u2019escroquerie et de fraude.<\/p>\n<p>Il a \u00e9t\u00e9 proc\u00e9d\u00e9 \u00e0 l\u2019arrestation du mis en cause apr\u00e8s avoir soup\u00e7onn\u00e9 ses actes frauduleux et \u00e9puis\u00e9 toutes les proc\u00e9dures de coordination avec les services m\u00e9dicaux et les autorit\u00e9s territoriales comp\u00e9tentes, explique la m\u00eame source, pr\u00e9cisant que le pr\u00e9sum\u00e9 a \u00e9t\u00e9 plac\u00e9 en garde \u00e0 vue \u00e0 la disposition de l\u2019enqu\u00eate men\u00e9e sous la supervision du parquet g\u00e9n\u00e9ral comp\u00e9tent afin de d\u00e9voiler tous les actes criminels qu\u2019il aurait commis.<\/p>\n<\/div>\n<p>Auteur: Meriem IGASS<br \/>\n<a href=\"http:\/\/www.mapmarrakech.ma\/fr\/arrestation-dun-individu-pour-usurpation-de-fonction-regie-par-la-loi\/\">Cliquez ici pour lire l&rsquo;article depuis sa source.<\/a><\/p>\n","protected":false},"excerpt":{"rendered":"<p>Rabat \u2013 Les \u00e9l\u00e9ments du service pr\u00e9fectoral de la police judiciaire de Marrakech ont arr\u00eat\u00e9, mercredi, une personne \u00e2g\u00e9e de 58 ans pour son implication pr\u00e9sum\u00e9e dans une affaire d\u2019usurpation de fonction r\u00e9gie par la loi, de vol et d\u2019escroquerie. Selon les premiers \u00e9l\u00e9ments de l\u2019enqu\u00eate, le suspect a usurp\u00e9 la fonction de psychiatre en [&hellip;]<\/p>\n","protected":false},"author":1788,"featured_media":50830,"comment_status":"closed","ping_status":"closed","sticky":false,"template":"","format":"standard","meta":{"fifu_image_url":"","fifu_image_alt":"","footnotes":""},"categories":[54,76],"tags":[],"class_list":["post-50829","post","type-post","status-publish","format-standard","has-post-thumbnail","hentry","category-maroc","category-regions"],"_links":{"self":[{"href":"https:\/\/linitiative.ca\/International\/wp-json\/wp\/v2\/posts\/50829","targetHints":{"allow":["GET"]}}],"collection":[{"href":"https:\/\/linitiative.ca\/International\/wp-json\/wp\/v2\/posts"}],"about":[{"href":"https:\/\/linitiative.ca\/International\/wp-json\/wp\/v2\/types\/post"}],"author":[{"embeddable":true,"href":"https:\/\/linitiative.ca\/International\/wp-json\/wp\/v2\/users\/1788"}],"replies":[{"embeddable":true,"href":"https:\/\/linitiative.ca\/International\/wp-json\/wp\/v2\/comments?post=50829"}],"version-history":[{"count":0,"href":"https:\/\/linitiative.ca\/International\/wp-json\/wp\/v2\/posts\/50829\/revisions"}],"wp:featuredmedia":[{"embeddable":true,"href":"https:\/\/linitiative.ca\/International\/wp-json\/"}],"wp:attachment":[{"href":"https:\/\/linitiative.ca\/International\/wp-json\/wp\/v2\/media?parent=50829"}],"wp:term":[{"taxonomy":"category","embeddable":true,"href":"https:\/\/linitiative.ca\/International\/wp-json\/wp\/v2\/categories?post=50829"},{"taxonomy":"post_tag","embeddable":true,"href":"https:\/\/linitiative.ca\/International\/wp-json\/wp\/v2\/tags?post=50829"}],"curies":[{"name":"wp","href":"https:\/\/api.w.org\/{rel}","templated":true}]}}