{"id":50831,"date":"2019-08-07T19:11:34","date_gmt":"2019-08-07T23:11:34","guid":{"rendered":"https:\/\/linitiative.ca\/International\/safi-lever-de-rideau-sur-la-3eme-edition-de-la-fete-de-la-mer\/"},"modified":"2019-08-07T19:11:34","modified_gmt":"2019-08-07T23:11:34","slug":"safi-lever-de-rideau-sur-la-3eme-edition-de-la-fete-de-la-mer","status":"publish","type":"post","link":"https:\/\/linitiative.ca\/International\/safi-lever-de-rideau-sur-la-3eme-edition-de-la-fete-de-la-mer\/","title":{"rendered":"Safi : Lever de rideau sur la 3\u00e8me \u00e9dition de \u00ab\u00a0la f\u00eate de la mer\u00a0\u00bb"},"content":{"rendered":"<p><iframe loading=\"lazy\" width=\"1170\" height=\"658\" src=\"https:\/\/www.youtube.com\/embed\/zY98Gx2_-yE?feature=oembed\" frameborder=\"0\" allow=\"accelerometer; autoplay; encrypted-media; gyroscope; picture-in-picture\" allowfullscreen=\"\">[embedded content]<\/iframe><\/p>\n<div class=\"single-post-excerpt post-excerpt-bc\" readability=\"37\">\n<p>Le rideau s\u2019est lev\u00e9, \u00e0 Safi, sur la 3\u00e8me \u00e9dition de \u00ab\u00a0la f\u00eate de la mer\u00a0\u00bb (SafiMer 2019), un rendez-vous majeur d\u00e9di\u00e9 \u00e0 renforcer l\u2019identit\u00e9 principale de la cit\u00e9 des oc\u00e9ans et \u00e0 valoriser son patrimoine mat\u00e9riel et immat\u00e9riel maritime.<\/p>\n<\/div>\n<p>Auteur: Meriem IGASS<br \/>\n<a href=\"http:\/\/www.mapmarrakech.ma\/fr\/safi-lever-de-rideau-sur-la-3eme-edition-de-la-fete-de-la-mer\/\">Cliquez ici pour lire l&rsquo;article depuis sa source.<\/a><\/p>\n","protected":false},"excerpt":{"rendered":"<p>[embedded content] Le rideau s\u2019est lev\u00e9, \u00e0 Safi, sur la 3\u00e8me \u00e9dition de \u00ab\u00a0la f\u00eate de la mer\u00a0\u00bb (SafiMer 2019), un rendez-vous majeur d\u00e9di\u00e9 \u00e0 renforcer l\u2019identit\u00e9 principale de la cit\u00e9 des oc\u00e9ans et \u00e0 valoriser son patrimoine mat\u00e9riel et immat\u00e9riel maritime. Auteur: Meriem IGASS Cliquez ici pour lire l&rsquo;article depuis sa source.<\/p>\n","protected":false},"author":1788,"featured_media":0,"comment_status":"closed","ping_status":"closed","sticky":false,"template":"","format":"standard","meta":{"fifu_image_url":"","fifu_image_alt":"","footnotes":""},"categories":[54,76],"tags":[],"class_list":["post-50831","post","type-post","status-publish","format-standard","hentry","category-maroc","category-regions"],"_links":{"self":[{"href":"https:\/\/linitiative.ca\/International\/wp-json\/wp\/v2\/posts\/50831","targetHints":{"allow":["GET"]}}],"collection":[{"href":"https:\/\/linitiative.ca\/International\/wp-json\/wp\/v2\/posts"}],"about":[{"href":"https:\/\/linitiative.ca\/International\/wp-json\/wp\/v2\/types\/post"}],"author":[{"embeddable":true,"href":"https:\/\/linitiative.ca\/International\/wp-json\/wp\/v2\/users\/1788"}],"replies":[{"embeddable":true,"href":"https:\/\/linitiative.ca\/International\/wp-json\/wp\/v2\/comments?post=50831"}],"version-history":[{"count":0,"href":"https:\/\/linitiative.ca\/International\/wp-json\/wp\/v2\/posts\/50831\/revisions"}],"wp:attachment":[{"href":"https:\/\/linitiative.ca\/International\/wp-json\/wp\/v2\/media?parent=50831"}],"wp:term":[{"taxonomy":"category","embeddable":true,"href":"https:\/\/linitiative.ca\/International\/wp-json\/wp\/v2\/categories?post=50831"},{"taxonomy":"post_tag","embeddable":true,"href":"https:\/\/linitiative.ca\/International\/wp-json\/wp\/v2\/tags?post=50831"}],"curies":[{"name":"wp","href":"https:\/\/api.w.org\/{rel}","templated":true}]}}