{"id":50840,"date":"2019-08-08T05:30:00","date_gmt":"2019-08-08T09:30:00","guid":{"rendered":"https:\/\/linitiative.ca\/International\/lege-sinstalle-a-benguerir\/"},"modified":"2019-08-08T05:30:00","modified_gmt":"2019-08-08T09:30:00","slug":"lege-sinstalle-a-benguerir","status":"publish","type":"post","link":"https:\/\/linitiative.ca\/International\/lege-sinstalle-a-benguerir\/","title":{"rendered":"L\u2019EGE s\u2019installe \u00e0 Bengu\u00e9rir"},"content":{"rendered":"<div readability=\"35\">\n<p>L\u2019\u00e9cole rejoint le campus de l\u2019UM6P<\/p>\n<p>Mont\u00e9e en gamme des cursus, multidisciplinarit\u00e9\u2026 les enjeux<\/p>\n<\/div>\n<div readability=\"98\">\n<p class=\"rtejustify\">L\u2019Ecole de gouvernance et d\u2019\u00e9conomie (EGE) franchit un nouveau pas. Apr\u00e8s une d\u00e9cennie pass\u00e9e \u00e0 Rabat, elle rejoindra \u00e0 la rentr\u00e9e 2019-2020 l\u2019Universit\u00e9 Mohammed VI Polytechnique (UM6P) sur le campus de la ville verte de Bengu\u00e9rir.<\/p>\n<p class=\"rtejustify\">Le projet, port\u00e9 \u00e0 bout de bras par l\u2019OCP, a plusieurs enjeux parmi lesquels la p\u00e9rennit\u00e9 de l\u2019\u00e9cole, mais aussi la mont\u00e9e en gamme aussi bien du cursus que des infrastructures. Le projet r\u00e9pond \u00e9galement \u00e0 une volont\u00e9 politique de sortir de l\u2019axe Rabat-Casablanca au profit des r\u00e9gions.<\/p>\n<p class=\"rtejustify\">L\u2019autre enjeu est d\u2019avoir un effet d\u2019entra\u00eenement. \u00abNos \u00e9tudiants pourront dor\u00e9navant b\u00e9n\u00e9ficier d\u2019\u00e9quipements p\u00e9dagogiques de pointe (salles informatiques, laboratoires de travaux pratiques, learning center, digital learning laboratory, amphith\u00e9\u00e2tres\u2026), de logements dans des r\u00e9sidences situ\u00e9es \u00e0 l\u2019int\u00e9rieur du campus, d\u2019un service de restauration ainsi que de nombreuses installations sportives et culturelles\u00bb, font valoir les dirigeants de l\u2019\u00e9cole.<\/p>\n<p class=\"rtejustify\">L\u2019EGE, qui accueillera sa dixi\u00e8me promotion la rentr\u00e9e prochaine, rejoint une universit\u00e9 qui int\u00e8gre les disciplines relevant des sciences, des technologies, de l\u2019ing\u00e9nierie et des math\u00e9matiques, b\u00e9n\u00e9ficiant ainsi des effets vertueux de la multidisciplinarit\u00e9.<\/p>\n<p class=\"rtejustify\">L\u2019EGE pourra ainsi donner une nouvelle dimension \u00e0 son projet initial \u2013 centr\u00e9 sur la science politique \u2013 en le d\u00e9ployant dans des fili\u00e8res de licence et de master enti\u00e8rement revisit\u00e9es. Des cursus b\u00e2tis \u00e0 partir d\u2019une double exigence d\u2019interdisciplinarit\u00e9 et d\u2019ouverture aux perspectives et aux m\u00e9thodes nouvelles: \u00e9conomie appliqu\u00e9e, science politique, relations internationales et sciences comportementales pour les politiques publiques.<\/p>\n<p class=\"rtejustify\">Le projet initial de l\u2019EGE s\u2019\u00e9panouira \u00e9galement gr\u00e2ce aux centres de recherches d\u00e9di\u00e9s. Ce qui permettra de cr\u00e9er une plateforme de r\u00e9flexion, de production et d\u2019\u00e9change d\u2019expertise entre les enseignants-chercheurs et les \u00e9tudiants de diff\u00e9rentes disciplines.<\/p>\n<p class=\"rtejustify\">La d\u00e9cision de d\u00e9m\u00e9nager a \u00e9t\u00e9 prise depuis longtemps. Les pr\u00e9paratifs du transfert vers Bengu\u00e9rir vont bon train depuis au moins une ann\u00e9e. Toutefois, du c\u00f4t\u00e9 du staff, le projet ne jouit pas forc\u00e9ment de l\u2019adh\u00e9sion de tous. L\u2019\u00e9cole souligne que les dirigeants ont rencontr\u00e9 les diff\u00e9rentes parties prenantes afin de les rassurer.<\/p>\n<p class=\"rtejustify\">\u00abDe nombreux collaborateurs du staff administratif et enseignant, dont certains comptent parmi les pionniers, accompagnent ce projet dans cette nouvelle phase, permettant ainsi d\u2019en assurer un harmonieux d\u00e9ploiement en apportant leur soutien et leur exp\u00e9rience\u00bb, fait savoir l\u2019\u00e9cole de gouvernance.<\/p>\n<blockquote readability=\"15\">\n<p class=\"rtecenter\"><strong><span class=\"c4\">Un \u00e9cosyst\u00e8me hors de l\u2019axe Casa-Rabat<\/span><\/strong><\/p>\n<div class=\"dnd-atom-wrapper type-image context-sdl_editor_representation atom-align-right\" contenteditable=\"false\">\n<div class=\"dnd-drop-wrapper image\"><img loading=\"lazy\" decoding=\"async\" typeof=\"foaf:Image\" class=\"img-responsive\" src=\"https:\/\/leconomiste.com\/sites\/default\/files\/eco7\/public\/thumbnails\/image\/lege_071.jpg\" width=\"283\" height=\"273\" alt=\"lege_071.jpg\" title=\"lege_071.jpg\"\/><\/div>\n<\/div>\n<p class=\"rtejustify\">Il y a 6 ans, l\u2019OCP lan\u00e7ait un pari: doter Bengu\u00e9rir d\u2019une universit\u00e9 de classe mondiale avec l\u2019UM6P. Aujourd\u2019hui, le chef-lieu de la province de Rehamna se d\u00e9marque par son p\u00f4le d\u2019excellence acad\u00e9mique dont la renomm\u00e9e d\u00e9passe les fronti\u00e8res nationales. Situ\u00e9e entre Casablanca et Marrakech, \u00e0 1 heure de route de la \u00abville ocre\u00bb, Bengu\u00e9rir h\u00e9berge une facult\u00e9 de gouvernance, sciences \u00e9conomiques et sociales ainsi que l\u2019Emines \u2013 School of Industrial Management au sein de laquelle sont assur\u00e9es des formations d\u2019ing\u00e9nieur en management industriel. Un \u00e9cosyst\u00e8me naissant qui se renforce gr\u00e2ce au transfert de l\u2019Ecole de gouvernance et d\u2019\u00e9conomie.<\/p>\n<\/blockquote>\n<p class=\"rtejustify\"><em>M. Ko.<\/em><\/p>\n<p class=\"rtejustify\">\u00a0<\/p>\n<\/div>\n<p>Auteur: hlafriqi<br \/>\n<a href=\"https:\/\/www.leconomiste.com\/article\/1048763-l-ege-s-installe-benguerir\">Cliquez ici pour lire l&rsquo;article depuis sa source.<\/a><\/p>\n","protected":false},"excerpt":{"rendered":"<p>L\u2019\u00e9cole rejoint le campus de l\u2019UM6P Mont\u00e9e en gamme des cursus, multidisciplinarit\u00e9\u2026 les enjeux L\u2019Ecole de gouvernance et d\u2019\u00e9conomie (EGE) franchit un nouveau pas. Apr\u00e8s une d\u00e9cennie pass\u00e9e \u00e0 Rabat, elle rejoindra \u00e0 la rentr\u00e9e 2019-2020 l\u2019Universit\u00e9 Mohammed VI Polytechnique (UM6P) sur le campus de la ville verte de Bengu\u00e9rir. Le projet, port\u00e9 \u00e0 bout [&hellip;]<\/p>\n","protected":false},"author":1763,"featured_media":50841,"comment_status":"closed","ping_status":"closed","sticky":false,"template":"","format":"standard","meta":{"fifu_image_url":"","fifu_image_alt":"","footnotes":""},"categories":[78,54],"tags":[],"class_list":["post-50840","post","type-post","status-publish","format-standard","has-post-thumbnail","hentry","category-economie","category-maroc"],"_links":{"self":[{"href":"https:\/\/linitiative.ca\/International\/wp-json\/wp\/v2\/posts\/50840","targetHints":{"allow":["GET"]}}],"collection":[{"href":"https:\/\/linitiative.ca\/International\/wp-json\/wp\/v2\/posts"}],"about":[{"href":"https:\/\/linitiative.ca\/International\/wp-json\/wp\/v2\/types\/post"}],"author":[{"embeddable":true,"href":"https:\/\/linitiative.ca\/International\/wp-json\/wp\/v2\/users\/1763"}],"replies":[{"embeddable":true,"href":"https:\/\/linitiative.ca\/International\/wp-json\/wp\/v2\/comments?post=50840"}],"version-history":[{"count":0,"href":"https:\/\/linitiative.ca\/International\/wp-json\/wp\/v2\/posts\/50840\/revisions"}],"wp:featuredmedia":[{"embeddable":true,"href":"https:\/\/linitiative.ca\/International\/wp-json\/"}],"wp:attachment":[{"href":"https:\/\/linitiative.ca\/International\/wp-json\/wp\/v2\/media?parent=50840"}],"wp:term":[{"taxonomy":"category","embeddable":true,"href":"https:\/\/linitiative.ca\/International\/wp-json\/wp\/v2\/categories?post=50840"},{"taxonomy":"post_tag","embeddable":true,"href":"https:\/\/linitiative.ca\/International\/wp-json\/wp\/v2\/tags?post=50840"}],"curies":[{"name":"wp","href":"https:\/\/api.w.org\/{rel}","templated":true}]}}