{"id":50871,"date":"2019-08-08T15:14:16","date_gmt":"2019-08-08T19:14:16","guid":{"rendered":"https:\/\/linitiative.ca\/International\/pros-boudebouz-me-prouver-que-je-nai-rien-perdu\/"},"modified":"2019-08-08T15:14:16","modified_gmt":"2019-08-08T19:14:16","slug":"pros-boudebouz-me-prouver-que-je-nai-rien-perdu","status":"publish","type":"post","link":"https:\/\/linitiative.ca\/International\/pros-boudebouz-me-prouver-que-je-nai-rien-perdu\/","title":{"rendered":"Pros : Boudebouz : \u00ab\u00a0Me prouver que je n&rsquo;ai rien perdu\u00a0\u00bb"},"content":{"rendered":"<div readability=\"32\">\n<p>Auteur : <span class=\"time\">jeudi 08 ao\u00fbt 2019 16:30<\/span><\/p>\n<\/div>\n<div id=\"post_core\" readability=\"48\">\n<p>Le joueur milieu de terrain Alg\u00e9rien de l\u2019AS Saint Etienne, Ryad Boudebouz est revenu sur son adaptation au sein du groupe de Ghislain Printant\u00a0:\u00a0\u00abJe connais tr\u00e8s bien Jean-Louis Gasset et Ghislain Printant. La saison derni\u00e8re, quand je regardais l\u2019ASSE jouer, avec l\u2019ambiance et le jeu propos\u00e9, j\u2019avais d\u00e9j\u00e0 envie de venir. Les contacts se sont concr\u00e9tis\u00e9s et je suis tr\u00e8s heureux d\u2019\u00eatre ici aujourd\u2019hui.\u00bb a-t-il d\u00e9clar\u00e9 en conf\u00e9rence de presse, avant d\u2019ajouter\u00a0:\u00a0\u00ab\u00a0J\u2019ai envie de jouer, de retrouver mon poste de pr\u00e9dilection, l\u00e0 o\u00f9 je me sens le mieux. J\u2019ai envie de me prouver \u00e0 moi-m\u00eame que je n\u2019ai rien perdu, que j\u2019ai toujours cette qualit\u00e9 de donner des ballons et de faire marquer. Le but c\u2019est d\u2019\u00eatre le plus efficace possible pour l\u2019\u00e9quipe (\u2026) Saint\u00e9 va \u00eatre attendu, il va falloir faire de bons matches, travailler entre les entrainements et bien se reposer pour pouvoir enchainer les matches de la meilleure mani\u00e8re. Il y aura, en plus, la coupe d\u2019Europe. On devra \u00eatre bon sur quatre tableaux. J\u2019ai eu la chance de le vivre au B\u00e9tis, \u00e7a donne un surplus de motivation int\u00e9ressant.\u00bb<\/p>\n<p><strong>Publi\u00e9 dans :<\/strong> <span>boudebouz<\/span><\/p>\n<\/div>\n<p>Auteur:<br \/>\n<a href=\"http:\/\/www.lebuteur.com\/article\/detail?titre=boudebouz-me-prouver-que-je-nai-rien-perdu&#038;id=90970&#038;utm_source=feedburner&#038;utm_medium=feed&#038;utm_campaign=Feed%3A+GalerieFArtciles+%28Les+derniers+articles++-+lebuteur.com%29\">Cliquez ici pour lire l&rsquo;article depuis sa source.<\/a><\/p>\n","protected":false},"excerpt":{"rendered":"<p>Auteur : jeudi 08 ao\u00fbt 2019 16:30 Le joueur milieu de terrain Alg\u00e9rien de l\u2019AS Saint Etienne, Ryad Boudebouz est revenu sur son adaptation au sein du groupe de Ghislain Printant\u00a0:\u00a0\u00abJe connais tr\u00e8s bien Jean-Louis Gasset et Ghislain Printant. La saison derni\u00e8re, quand je regardais l\u2019ASSE jouer, avec l\u2019ambiance et le jeu propos\u00e9, j\u2019avais d\u00e9j\u00e0 [&hellip;]<\/p>\n","protected":false},"author":1738,"featured_media":50872,"comment_status":"closed","ping_status":"closed","sticky":false,"template":"","format":"standard","meta":{"fifu_image_url":"","fifu_image_alt":"","footnotes":""},"categories":[53,75],"tags":[],"class_list":["post-50871","post","type-post","status-publish","format-standard","has-post-thumbnail","hentry","category-algerie","category-sport"],"_links":{"self":[{"href":"https:\/\/linitiative.ca\/International\/wp-json\/wp\/v2\/posts\/50871","targetHints":{"allow":["GET"]}}],"collection":[{"href":"https:\/\/linitiative.ca\/International\/wp-json\/wp\/v2\/posts"}],"about":[{"href":"https:\/\/linitiative.ca\/International\/wp-json\/wp\/v2\/types\/post"}],"author":[{"embeddable":true,"href":"https:\/\/linitiative.ca\/International\/wp-json\/wp\/v2\/users\/1738"}],"replies":[{"embeddable":true,"href":"https:\/\/linitiative.ca\/International\/wp-json\/wp\/v2\/comments?post=50871"}],"version-history":[{"count":0,"href":"https:\/\/linitiative.ca\/International\/wp-json\/wp\/v2\/posts\/50871\/revisions"}],"wp:featuredmedia":[{"embeddable":true,"href":"https:\/\/linitiative.ca\/International\/wp-json\/"}],"wp:attachment":[{"href":"https:\/\/linitiative.ca\/International\/wp-json\/wp\/v2\/media?parent=50871"}],"wp:term":[{"taxonomy":"category","embeddable":true,"href":"https:\/\/linitiative.ca\/International\/wp-json\/wp\/v2\/categories?post=50871"},{"taxonomy":"post_tag","embeddable":true,"href":"https:\/\/linitiative.ca\/International\/wp-json\/wp\/v2\/tags?post=50871"}],"curies":[{"name":"wp","href":"https:\/\/api.w.org\/{rel}","templated":true}]}}