{"id":50885,"date":"2019-08-08T10:01:05","date_gmt":"2019-08-08T14:01:05","guid":{"rendered":"https:\/\/linitiative.ca\/International\/93029-selection-algerienne-de-football-u-20-22-joueurs-retenus-pour-affronter-la-jordanie\/"},"modified":"2019-08-08T10:01:05","modified_gmt":"2019-08-08T14:01:05","slug":"93029-selection-algerienne-de-football-u-20-22-joueurs-retenus-pour-affronter-la-jordanie","status":"publish","type":"post","link":"https:\/\/linitiative.ca\/International\/93029-selection-algerienne-de-football-u-20-22-joueurs-retenus-pour-affronter-la-jordanie\/","title":{"rendered":"S\u00e9lection alg\u00e9rienne de football U-20: 22 joueurs retenus pour affronter la Jordanie"},"content":{"rendered":"<div>\n<div class=\"K2FeedIntroText\">\n<p><strong>ALGER &#8211; Le staff technique de l&rsquo;\u00e9quipe nationale de football des moins de 20 ans (U-20) a fait appel \u00e0 22 joueurs en vue de la double confrontation en amical face \u00e0 la Jordanie, les 17 et 20 ao\u00fbt \u00e0 Alger, rapporte la F\u00e9d\u00e9ration alg\u00e9rienne (FAF) sur son site officiel.<\/strong><\/p>\n<\/div>\n<div class=\"K2FeedFullText\">\n<p>A cet effet, la s\u00e9lection des U-20 entrera en stage du 14 au 21 ao\u00fbt au Centre technique national de Sidi Moussa (Alger), pr\u00e9cise la m\u00eame source.<\/p>\n<p>Le premier test amical se jouera le samedi 17 ao\u00fbt au stade Omar-Hamadi (18h30), alors que le second aura lieu le mardi 20 ao\u00fbt au Centre technique national de Sidi Moussa (18h30).<\/p>\n<p>\u00a0<\/p>\n<p><span style=\"font-size: 14pt;\"><strong>Liste des 22 joueurs :<\/strong><\/span><\/p>\n<p>\u00a0<\/p>\n<p>Redouane Ma\u00e2chou (USMBA), Abdelatif Ramdane (USMA), Mohamed R\u00e9da Hamidi (PAC), Chamseddine Bekkouche (ASMO), Ayoub Derbal (PAC), Khalil Bara (PAC), Mohamed Islam Belkheir (MCO), Lotfi Aouane (ASO), Merouane Zerrouki (PAC), Moncef Bekrar (ESS), Mohamed Azzi (LRF Ouargla), Khaled Kermal (WAT), Zakaria Boukebal (PAC), Fouad Rahmani (LRF Ouargla), Rayane Tobal (ESS), Abdelouahab Radji (ESM), Miloud Abdesslam Dadda (PAC), Tayeb Alatari (ASMO), Riyad Wael Rahmouni (PAC), Youcef Fellahi (ESS), Lounes Adjout (CABBA), Hamza Benseghier (NAHD).<\/p>\n<\/div>\n<p><img loading=\"lazy\" decoding=\"async\" src=\"http:\/\/feeds.feedburner.com\/~r\/aps-sport\/~4\/CiS8JeCZn3I\" height=\"1\" width=\"1\" alt=\"\"><\/div>\n<p>Auteur:<br \/>\n<a href=\"http:\/\/www.aps.dz\/sport\/93029-selection-algerienne-de-football-u-20-22-joueurs-retenus-pour-affronter-la-jordanie?utm_source=feedburner&#038;utm_medium=feed&#038;utm_campaign=Feed%3A+aps-sport+%28APS+-+SPORT%29\">Cliquez ici pour lire l&rsquo;article depuis sa source.<\/a><\/p>\n","protected":false},"excerpt":{"rendered":"<p>ALGER &#8211; Le staff technique de l&rsquo;\u00e9quipe nationale de football des moins de 20 ans (U-20) a fait appel \u00e0 22 joueurs en vue de la double confrontation en amical face \u00e0 la Jordanie, les 17 et 20 ao\u00fbt \u00e0 Alger, rapporte la F\u00e9d\u00e9ration alg\u00e9rienne (FAF) sur son site officiel. A cet effet, la s\u00e9lection [&hellip;]<\/p>\n","protected":false},"author":1790,"featured_media":0,"comment_status":"closed","ping_status":"closed","sticky":false,"template":"","format":"standard","meta":{"fifu_image_url":"","fifu_image_alt":"","footnotes":""},"categories":[53,75],"tags":[],"class_list":["post-50885","post","type-post","status-publish","format-standard","hentry","category-algerie","category-sport"],"_links":{"self":[{"href":"https:\/\/linitiative.ca\/International\/wp-json\/wp\/v2\/posts\/50885","targetHints":{"allow":["GET"]}}],"collection":[{"href":"https:\/\/linitiative.ca\/International\/wp-json\/wp\/v2\/posts"}],"about":[{"href":"https:\/\/linitiative.ca\/International\/wp-json\/wp\/v2\/types\/post"}],"author":[{"embeddable":true,"href":"https:\/\/linitiative.ca\/International\/wp-json\/wp\/v2\/users\/1790"}],"replies":[{"embeddable":true,"href":"https:\/\/linitiative.ca\/International\/wp-json\/wp\/v2\/comments?post=50885"}],"version-history":[{"count":0,"href":"https:\/\/linitiative.ca\/International\/wp-json\/wp\/v2\/posts\/50885\/revisions"}],"wp:attachment":[{"href":"https:\/\/linitiative.ca\/International\/wp-json\/wp\/v2\/media?parent=50885"}],"wp:term":[{"taxonomy":"category","embeddable":true,"href":"https:\/\/linitiative.ca\/International\/wp-json\/wp\/v2\/categories?post=50885"},{"taxonomy":"post_tag","embeddable":true,"href":"https:\/\/linitiative.ca\/International\/wp-json\/wp\/v2\/tags?post=50885"}],"curies":[{"name":"wp","href":"https:\/\/api.w.org\/{rel}","templated":true}]}}