{"id":50895,"date":"2019-08-08T05:20:12","date_gmt":"2019-08-08T09:20:12","guid":{"rendered":"https:\/\/linitiative.ca\/International\/il-parle-dun-systeme-national-dinformation-peu-efficient-et-decale-rahabi-denonce-les-atteintes-a-la-liberte-dexpression\/"},"modified":"2019-08-08T05:20:12","modified_gmt":"2019-08-08T09:20:12","slug":"il-parle-dun-systeme-national-dinformation-peu-efficient-et-decale-rahabi-denonce-les-atteintes-a-la-liberte-dexpression","status":"publish","type":"post","link":"https:\/\/linitiative.ca\/International\/il-parle-dun-systeme-national-dinformation-peu-efficient-et-decale-rahabi-denonce-les-atteintes-a-la-liberte-dexpression\/","title":{"rendered":"Il parle d\u2019un syst\u00e8me national d\u2019information \u00abpeu efficient et d\u00e9cal\u00e9\u00bb : Rahabi d\u00e9nonce les \u00abatteintes\u00bb \u00e0 la libert\u00e9 d\u2019expression"},"content":{"rendered":"<h4 class=\"title-14\"\/>\n<div class=\"featured_image\"><img width=\"313\" height=\"222\" data-cfsrc=\"https:\/\/www.elwatan.com\/wp-content\/uploads\/2018\/09\/rahabi--e1565256733295.jpeg\" class=\"attachment-post-thumbnail size-post-thumbnail wp-post-image c2\" alt=\"\" srcset=\"https:\/\/www.elwatan.com\/wp-content\/uploads\/2018\/09\/rahabi--e1565256733295.jpeg 313w, https:\/\/www.elwatan.com\/wp-content\/uploads\/2018\/09\/rahabi--e1565256733295-300x213.jpeg 300w\" sizes=\"(max-width: 313px) 100vw, 313px\"\/><noscript><\/p>\n<p><img loading=\"lazy\" decoding=\"async\" width=\"313\" height=\"222\" src=\"https:\/\/www.elwatan.com\/wp-content\/uploads\/2018\/09\/rahabi--e1565256733295.jpeg\" class=\"attachment-post-thumbnail size-post-thumbnail wp-post-image\" alt=\"\" srcset=\"https:\/\/www.elwatan.com\/wp-content\/uploads\/2018\/09\/rahabi--e1565256733295.jpeg 313w, https:\/\/www.elwatan.com\/wp-content\/uploads\/2018\/09\/rahabi--e1565256733295-300x213.jpeg 300w\" sizes=\"auto, (max-width: 313px) 100vw, 313px\"\/><\/p>\n<p><\/noscript> <span class=\"featured-image-caption\">Abdelaziz Rahabi, coordinateur de la conf\u00e9rence du dialogue national<\/span><\/div>\n<p class=\"p1\"><span class=\"s1\"><strong>L<\/strong><\/span>\u2019ancien ministre de la Communication et ancien ambassadeur, Abdelaziz Rahabi, a d\u00e9nonc\u00e9, hier, les atteintes \u00e0 la libert\u00e9 d\u2019expression, \u00e0 travers notamment la pression subie par des m\u00e9dias. <em>\u00abDes m\u00e9dias nationaux subissent des pressions allant du chantage \u00e0 la publicit\u00e9 institutionnelle au blocage de sites d\u2019information\u00bb,<\/em> signale Rahabi dans un texte publi\u00e9 sur sa page Facebook, consid\u00e9rant que seule la justice ou une autorit\u00e9 de r\u00e9gulation doivent pouvoir traiter des questions li\u00e9es \u00e0 leur fonctionnement et qu\u2019\u00e0 ce titre, les mesures qui les frappent sont \u00ab<em>inacceptables<\/em>\u00bb.<\/p>\n<p class=\"p1\">Pour l\u2019ancien ministre, ces <em>\u00abpratiques que l\u2019on croyait r\u00e9volues sont une atteinte flagrante au droit \u00e0 l\u2019information et \u00e0 la libert\u00e9 d\u2019expression, un droit humain et une des revendications majeures des Alg\u00e9riens\u00bb. \u00abLe syst\u00e8me national d\u2019information peu efficient et d\u00e9cal\u00e9 par rapport \u00e0 la r\u00e9alit\u00e9 internationale des m\u00e9dias doit pouvoir exercer ses missions dans les meilleures conditions et accompagner valablement l\u2019effort national de sortie de crise\u00bb<\/em>, rel\u00e8ve-t-il.<\/p>\n<p class=\"p2\"><span class=\"s2\">Les m\u00e9dias alg\u00e9riens exercent-ils convenablement leurs missions ? Peuvent-ils accompagner valablement l\u2019effort de sortie de crise ? D\u2019aucuns constatent l\u2019augmentation des pressions exerc\u00e9es sur les m\u00e9dias alg\u00e9riens, particuli\u00e8rement ceux qui n\u2019\u00e9pousent pas les th\u00e8ses du pouvoir r\u00e9el. Alors que les m\u00e9dias traditionnels sont priv\u00e9s de publicit\u00e9 \u00e9tatique monopolis\u00e9e par l\u2019ANEP, des sites internet d\u2019information \u2013 TSA, Inter-Lignes, Algeriepatriotique, Observ\u2019Algerie, AlgeriPart \u2013 ne sont plus accessibles \u00e0 partir de l\u2019Alg\u00e9rie. Pourtant, le gouvernement Bedoui a annonc\u00e9 vouloir normaliser ses relations avec les m\u00e9dias.<\/span><\/p>\n<p class=\"p4\"><strong>O\u00f9 sont les projets de Rabehi ?<\/strong><\/p>\n<p class=\"p2\">En prenant en charge le volet publicit\u00e9, le ministre de la Communication et porte-parole du gouvernement, Hassan Rabehi, a annonc\u00e9, en avril dernier, l\u2019installation d\u2019une commission charg\u00e9e d\u2019appliquer la d\u00e9cision du gouvernement relative \u00e0 l\u2019adoption de la <em>\u00abtransparence et l\u2019objectivit\u00e9\u00bb<\/em> dans l\u2019octroi de la publicit\u00e9 publique. <em>\u00abJai donn\u00e9 des instructions fermes aux responsables de l\u2019ANEP pour trancher quant \u00e0 l\u2019ex\u00e9cution des d\u00e9cisions du gouvernement (octroi de la publicit\u00e9), \u00e0 travers la mise en place d\u2019une commission constitu\u00e9e de personnalit\u00e9s ayant les comp\u00e9tence requises pour se concerter avec tous les partenaires du secteur public et priv\u00e9\u00bb<\/em>, a-t-il dit lors d\u2019une visite \u00e0 l\u2019ANEP.<\/p>\n<p class=\"p2\">Rabehi a pr\u00e9cis\u00e9 la main sur le c\u0153ur que ladite commission se basera sur les principes de \u00ab<em>la d\u00e9ontologie, la transparence et l\u2019\u00e9quit\u00e9\u00bb<\/em> dans l\u2019octroi de la publicit\u00e9. Il a indiqu\u00e9 que les d\u00e9cisions du gouvernement s\u2019inscrivaient dans le cadre d\u2019un plan de travail \u00e0 m\u00eame de r\u00e9pondre aux pr\u00e9occupations du secteur, ajoutant que son d\u00e9partement s\u2019attelait \u00e0 la mise en place du Conseil de l\u2019\u00e9thique et de la d\u00e9ontologie et d\u2019une commission qui aura la charge de l\u2019\u00e9tude et la d\u00e9livrance de la carte du journaliste\u2026<\/p>\n<p class=\"p2\">A ce jour, le porte-parole du gouvernement, qui a cess\u00e9 ses conf\u00e9rences de presse hebdomadaires, n\u2019est pas revenu sur ces projets (dont aucun n\u2019a \u00e9t\u00e9 r\u00e9alis\u00e9) ni ne s\u2019est exprim\u00e9 sur les pressions que subissent les rares organes rest\u00e9s libres.<\/p>\n<p><span class=\"post-views-label\">Post Views:<\/span> <span class=\"post-views-count\">1\u00a0551<\/span><\/p>\n<p><br class=\"c4\"\/><\/p>\n<p>Auteur: Hicham Chouadria<br \/>\n<a href=\"https:\/\/www.elwatan.com\/edition\/actualite\/il-parle-dun-systeme-national-dinformation-peu-efficient-et-decale-rahabi-denonce-les-atteintes-a-la-liberte-dexpression-08-08-2019\">Cliquez ici pour lire l&rsquo;article depuis sa source.<\/a><\/p>\n","protected":false},"excerpt":{"rendered":"<p>Abdelaziz Rahabi, coordinateur de la conf\u00e9rence du dialogue national L\u2019ancien ministre de la Communication et ancien ambassadeur, Abdelaziz Rahabi, a d\u00e9nonc\u00e9, hier, les atteintes \u00e0 la libert\u00e9 d\u2019expression, \u00e0 travers notamment la pression subie par des m\u00e9dias. \u00abDes m\u00e9dias nationaux subissent des pressions allant du chantage \u00e0 la publicit\u00e9 institutionnelle au blocage de sites d\u2019information\u00bb, [&hellip;]<\/p>\n","protected":false},"author":1743,"featured_media":50896,"comment_status":"closed","ping_status":"closed","sticky":false,"template":"","format":"standard","meta":{"fifu_image_url":"","fifu_image_alt":"","footnotes":""},"categories":[73,53],"tags":[],"class_list":["post-50895","post","type-post","status-publish","format-standard","has-post-thumbnail","hentry","category-actualite","category-algerie"],"_links":{"self":[{"href":"https:\/\/linitiative.ca\/International\/wp-json\/wp\/v2\/posts\/50895","targetHints":{"allow":["GET"]}}],"collection":[{"href":"https:\/\/linitiative.ca\/International\/wp-json\/wp\/v2\/posts"}],"about":[{"href":"https:\/\/linitiative.ca\/International\/wp-json\/wp\/v2\/types\/post"}],"author":[{"embeddable":true,"href":"https:\/\/linitiative.ca\/International\/wp-json\/wp\/v2\/users\/1743"}],"replies":[{"embeddable":true,"href":"https:\/\/linitiative.ca\/International\/wp-json\/wp\/v2\/comments?post=50895"}],"version-history":[{"count":0,"href":"https:\/\/linitiative.ca\/International\/wp-json\/wp\/v2\/posts\/50895\/revisions"}],"wp:featuredmedia":[{"embeddable":true,"href":"https:\/\/linitiative.ca\/International\/wp-json\/"}],"wp:attachment":[{"href":"https:\/\/linitiative.ca\/International\/wp-json\/wp\/v2\/media?parent=50895"}],"wp:term":[{"taxonomy":"category","embeddable":true,"href":"https:\/\/linitiative.ca\/International\/wp-json\/wp\/v2\/categories?post=50895"},{"taxonomy":"post_tag","embeddable":true,"href":"https:\/\/linitiative.ca\/International\/wp-json\/wp\/v2\/tags?post=50895"}],"curies":[{"name":"wp","href":"https:\/\/api.w.org\/{rel}","templated":true}]}}