{"id":50897,"date":"2019-08-08T05:20:59","date_gmt":"2019-08-08T09:20:59","guid":{"rendered":"https:\/\/linitiative.ca\/International\/khenchela-la-laddh-denonce-une-atteinte-a-la-liberte-de-manifester\/"},"modified":"2019-08-08T05:20:59","modified_gmt":"2019-08-08T09:20:59","slug":"khenchela-la-laddh-denonce-une-atteinte-a-la-liberte-de-manifester","status":"publish","type":"post","link":"https:\/\/linitiative.ca\/International\/khenchela-la-laddh-denonce-une-atteinte-a-la-liberte-de-manifester\/","title":{"rendered":"Khenchela \u00a0: La LADDH d\u00e9nonce une atteinte \u00e0 la libert\u00e9 de manifester"},"content":{"rendered":"<h4 class=\"title-14\"\/>\n<p class=\"p4\"><span class=\"s1\">Deux avocats, Chekhab Ramzi et Mamen Radheouene, et plusieurs autres activistes dans le hirak \u00e0 Khenchela sont poursuivis par le procureur pr\u00e8s le tribunal de Khenchela pour avoir incit\u00e9 la population \u00e0 manifester contre le pouvoir \u00abbouteflikiste\u00bb, d\u00e8s le d\u00e9but du mouvement du 22\u00a0f\u00e9vrier.<\/span><\/p>\n<p class=\"p4\"><span class=\"s1\">Dans un communiqu\u00e9 rendu public hier, la Ligue alg\u00e9rienne pour la d\u00e9fense des droits de l\u2019homme (LADDH), bureau de Khenchela, a appel\u00e9 les pouvoirs publics au respect du <em>\u00abdroit de manifester pacifiquement\u00bb,<\/em> en indiquant qu\u2019il s\u2019agit de <em>\u00abrestriction des libert\u00e9s, en particulier le droit de manifester qui est un droit fondamental reconnu et prot\u00e9g\u00e9 par la loi et garanti par la Constitution\u00bb<\/em>. Selon la LADDH, <em>\u00abce droit, dont le peuple alg\u00e9rien a \u00e9t\u00e9 spoli\u00e9 pendant si longtemps, est autoris\u00e9 par la Constitution mais criminalis\u00e9 par la loi\u00bb. \u00abLe hirak, ou la r\u00e9volution, auquel tout le monde a particip\u00e9, est devenu un crime dans la wilaya de Khenchela\u00bb<\/em>, d\u00e9nonce la LADDH dans son communiqu\u00e9.<\/span><\/p>\n<p class=\"p4\"><span class=\"s1\">La Ligue lance un appel en direction des autorit\u00e9s pour la <em>\u00abcessation imm\u00e9diate des pressions que subissent les activistes\u00bb.<\/em> Et de r\u00e9it\u00e9rer son appel \u00e0 <em>\u00abouvrir tous les dossiers de corruption et de dilapidation des biens publics dans la wilaya<\/em>\u00bb.<\/span><\/p>\n<p class=\"p4\"><span class=\"s1\">Le bureau de la LAADH a annonc\u00e9, dans le m\u00eame document, son intention d\u2019<em>\u00aborganiser une marche de solidarit\u00e9 avec les activistes \u00e0 Khenchela dans les prochains jours<\/em>\u00bb. Les responsables de cette organisation sont actuellement en train de finaliser les proc\u00e9dures n\u00e9cessaires pour obtenir l\u2019autorisation.<span class=\"Apple-converted-space\">\u00a0\u00a0<\/span><\/span><\/p>\n<p><span class=\"post-views-label\">Post Views:<\/span> <span class=\"post-views-count\">116<\/span><\/p>\n<p><br class=\"c4\"\/><\/p>\n<p>Auteur: Hicham Chouadria<br \/>\n<a href=\"https:\/\/www.elwatan.com\/edition\/actualite\/khenchela-la-laddh-denonce-une-atteinte-a-la-liberte-de-manifester-08-08-2019\">Cliquez ici pour lire l&rsquo;article depuis sa source.<\/a><\/p>\n","protected":false},"excerpt":{"rendered":"<p>Deux avocats, Chekhab Ramzi et Mamen Radheouene, et plusieurs autres activistes dans le hirak \u00e0 Khenchela sont poursuivis par le procureur pr\u00e8s le tribunal de Khenchela pour avoir incit\u00e9 la population \u00e0 manifester contre le pouvoir \u00abbouteflikiste\u00bb, d\u00e8s le d\u00e9but du mouvement du 22\u00a0f\u00e9vrier. Dans un communiqu\u00e9 rendu public hier, la Ligue alg\u00e9rienne pour la [&hellip;]<\/p>\n","protected":false},"author":1743,"featured_media":0,"comment_status":"closed","ping_status":"closed","sticky":false,"template":"","format":"standard","meta":{"fifu_image_url":"","fifu_image_alt":"","footnotes":""},"categories":[73,53],"tags":[],"class_list":["post-50897","post","type-post","status-publish","format-standard","hentry","category-actualite","category-algerie"],"_links":{"self":[{"href":"https:\/\/linitiative.ca\/International\/wp-json\/wp\/v2\/posts\/50897","targetHints":{"allow":["GET"]}}],"collection":[{"href":"https:\/\/linitiative.ca\/International\/wp-json\/wp\/v2\/posts"}],"about":[{"href":"https:\/\/linitiative.ca\/International\/wp-json\/wp\/v2\/types\/post"}],"author":[{"embeddable":true,"href":"https:\/\/linitiative.ca\/International\/wp-json\/wp\/v2\/users\/1743"}],"replies":[{"embeddable":true,"href":"https:\/\/linitiative.ca\/International\/wp-json\/wp\/v2\/comments?post=50897"}],"version-history":[{"count":0,"href":"https:\/\/linitiative.ca\/International\/wp-json\/wp\/v2\/posts\/50897\/revisions"}],"wp:attachment":[{"href":"https:\/\/linitiative.ca\/International\/wp-json\/wp\/v2\/media?parent=50897"}],"wp:term":[{"taxonomy":"category","embeddable":true,"href":"https:\/\/linitiative.ca\/International\/wp-json\/wp\/v2\/categories?post=50897"},{"taxonomy":"post_tag","embeddable":true,"href":"https:\/\/linitiative.ca\/International\/wp-json\/wp\/v2\/tags?post=50897"}],"curies":[{"name":"wp","href":"https:\/\/api.w.org\/{rel}","templated":true}]}}