{"id":50900,"date":"2019-08-08T05:31:51","date_gmt":"2019-08-08T09:31:51","guid":{"rendered":"https:\/\/linitiative.ca\/International\/soufiane-djilali-president-de-jil-jadid-gaid-salah-compromet-le-dialogue-national\/"},"modified":"2019-08-08T05:31:51","modified_gmt":"2019-08-08T09:31:51","slug":"soufiane-djilali-president-de-jil-jadid-gaid-salah-compromet-le-dialogue-national","status":"publish","type":"post","link":"https:\/\/linitiative.ca\/International\/soufiane-djilali-president-de-jil-jadid-gaid-salah-compromet-le-dialogue-national\/","title":{"rendered":"Soufiane Djilali, pr\u00e9sident de Jil Jadid : \u00abGa\u00efd Salah compromet le dialogue national\u00bb"},"content":{"rendered":"<h4 class=\"title-14\"\/>\n<div class=\"featured_image\"><img width=\"682\" height=\"548\" data-cfsrc=\"https:\/\/www.elwatan.com\/wp-content\/uploads\/2019\/02\/soufiane-e1549287298849.jpg\" class=\"attachment-post-thumbnail size-post-thumbnail wp-post-image c2\" alt=\"Soufiane Djilali, pr\u00e9sident de Jil Jadid : \u00abIl faut aider le syst\u00e8me \u00e0 s\u2019en aller\u00bb\" srcset=\"https:\/\/www.elwatan.com\/wp-content\/uploads\/2019\/02\/soufiane-e1549287298849.jpg 682w, https:\/\/www.elwatan.com\/wp-content\/uploads\/2019\/02\/soufiane-e1549287298849-300x241.jpg 300w\" sizes=\"(max-width: 682px) 100vw, 682px\"\/><noscript><\/p>\n<p><img loading=\"lazy\" decoding=\"async\" width=\"682\" height=\"548\" src=\"https:\/\/www.elwatan.com\/wp-content\/uploads\/2019\/02\/soufiane-e1549287298849.jpg\" class=\"attachment-post-thumbnail size-post-thumbnail wp-post-image\" alt=\"Soufiane Djilali, pr\u00e9sident de Jil Jadid : \u00abIl faut aider le syst\u00e8me \u00e0 s\u2019en aller\u00bb\" srcset=\"https:\/\/www.elwatan.com\/wp-content\/uploads\/2019\/02\/soufiane-e1549287298849.jpg 682w, https:\/\/www.elwatan.com\/wp-content\/uploads\/2019\/02\/soufiane-e1549287298849-300x241.jpg 300w\" sizes=\"auto, (max-width: 682px) 100vw, 682px\"\/><\/p>\n<p><\/noscript> <span class=\"featured-image-caption\">Soufiane Djilali (Photo :B. Souhil )<\/span><\/div>\n<p class=\"p1\"><span class=\"s1\"><strong>L<\/strong><\/span><span class=\"s2\">e rejet des mesures d\u2019apaisement par le chef d\u2019\u00e9tat-major conforte la position des anti-dialoguistes et met une pression suppl\u00e9mentaire sur l\u2019instance nationale du dialogue et de m\u00e9diation, a affirm\u00e9, hier \u00e0 Alger, Soufiane Djilali, pr\u00e9sident de Jil Jadid. <em>\u00abLe v\u00e9ritable pouvoir \u2013 \u00e0 savoir l\u2019institution militaire \u2013 qui a rejet\u00e9 les mesures d\u2019apaisement,<\/em> a pris le chemin inverse que celui du pr\u00e9sident de la R\u00e9publique. <em>Nous sommes dans une impasse. La position de l\u2019arm\u00e9e donne raison aux fr\u00e8res au sein<\/em> <em>du hirak qui rejettent le dialogue et les \u00e9lections\u00bb,<\/em> a soulign\u00e9 Soufiane Djilali, lors de son passage au forum du quotidien arabophone <em>El Wassat.<\/em><\/span><\/p>\n<p class=\"p2\"><span class=\"s2\">Alors que le chef de l\u2019Etat par int\u00e9rim, Abdelkader Bensalah, avait fait part de sa disponibilit\u00e9 \u00e0 \u00e9tudier les mesures d\u2019apaisement, le chef d\u2019\u00e9tat-major a rejet\u00e9 en bloc ces demandes, <em>\u00abnotamment l\u2019appel \u00e0 la lib\u00e9ration des d\u00e9tenus qualifi\u00e9s \u00e0 tort comme des prisonniers d\u2019opinion\u00bb.<\/em><\/span><\/p>\n<p class=\"p2\"><span class=\"s2\">Il a aussi qualifi\u00e9 de <em>\u00absuspect\u00bb<\/em> l\u2019appel \u00e0 att\u00e9nuer le dispositif policier. Pour le pr\u00e9sident de Jil Jadid, Ga\u00efd Salah, \u00e0 travers son dernier discours, a <em>\u00abferm\u00e9 la porte\u00bb<\/em> du dialogue aux partisans de la n\u00e9gociation. <em>\u00abIl est difficile aujourd\u2019hui aux partis politiques, ancr\u00e9s dans le paysage politique, et aux personnalit\u00e9s nationales de haut rang de rejoindre le panel de Karim Youn\u00e8s, parce que les conditions ne sont pas r\u00e9unies\u00bb,<\/em> a expliqu\u00e9 Soufiane Djilali.<\/span><\/p>\n<p class=\"p2\"><span class=\"s2\">Contest\u00e9 par les manifestants dans la rue, boud\u00e9 par les personnalit\u00e9s invit\u00e9es \u00e0 le rejoindre, le panel charg\u00e9 de mener le dialogue de sortie de crise est travers\u00e9 par une crise de l\u00e9gitimit\u00e9.<\/span><\/p>\n<p class=\"p2\"><span class=\"s2\">Dans ce contexte, le bras de fer entre l\u2019institution militaire et une partie de l\u2019opposition et du hirak risque de compliquer la crise politique, selon Soufiane Djilali\u00a0: <em>\u00abNous sommes dans une logique de rapport de forces (\u2026). Chacun campe sur ses positions. Cela ne pr\u00e9sage rien de bon. Car \u00e0 la fin, c\u2019est le citoyen qui payera le prix de ce blocage. Nous esp\u00e9rons que chacun fera des concessions et reviendra \u00e0 la table des n\u00e9gociations et du dialogue pour sortir de cette crise.\u00bb<\/em> Soufiane Djilali a r\u00e9it\u00e9r\u00e9 son attachement aux mesures d\u2019apaisement avant tout dialogue\u00a0: <em>\u00abPour s\u2019assurer d\u2019un dialogue fructueux, il faut un climat d\u2019apaisement. Il faut donner des gages aux gens pour qu\u2019ils croient en ce dialogue.\u00bb<\/em> Le conf\u00e9rencier a not\u00e9 que les mesures exig\u00e9es par le panel de dialogue \u00e9manaient de l\u2019opposition.<\/span><\/p>\n<p class=\"p2\"><span class=\"s2\">Le coordinateur du panel, Karim Youn\u00e8s, a r\u00e9clam\u00e9, avant-hier, la concr\u00e9tisation des <em>\u00abmesures d\u2019apaisement\u00bb<\/em> en direction du mouvement populaire avant tout dialogue comme gage de bonne foi. Parmi ces mesures, figurent la lib\u00e9ration des personnes arr\u00eat\u00e9es en lien avec le mouvement populaire, l\u2019all\u00e8gement du dispositif policier lors des manifestations, particuli\u00e8rement les barrages aux entr\u00e9es d\u2019Alger, l\u2019ouverture du champ politique et m\u00e9diatique et le d\u00e9part du gouvernement Bedoui. <strong><em><span class=\"Apple-converted-space\">\u00a0 \u00a0\u00a0<\/span><\/em><\/strong><\/span><\/p>\n<p><span class=\"post-views-label\">Post Views:<\/span> <span class=\"post-views-count\">2\u00a0774<\/span><\/p>\n<p><br class=\"c4\"\/><\/p>\n<p>Auteur: Hicham Chouadria<br \/>\n<a href=\"https:\/\/www.elwatan.com\/edition\/actualite\/soufiane-djilali-president-de-jil-jadid-gaid-salah-compromet-le-dialogue-national-08-08-2019\">Cliquez ici pour lire l&rsquo;article depuis sa source.<\/a><\/p>\n","protected":false},"excerpt":{"rendered":"<p>Soufiane Djilali (Photo :B. Souhil ) Le rejet des mesures d\u2019apaisement par le chef d\u2019\u00e9tat-major conforte la position des anti-dialoguistes et met une pression suppl\u00e9mentaire sur l\u2019instance nationale du dialogue et de m\u00e9diation, a affirm\u00e9, hier \u00e0 Alger, Soufiane Djilali, pr\u00e9sident de Jil Jadid. \u00abLe v\u00e9ritable pouvoir \u2013 \u00e0 savoir l\u2019institution militaire \u2013 qui a [&hellip;]<\/p>\n","protected":false},"author":1743,"featured_media":50901,"comment_status":"closed","ping_status":"closed","sticky":false,"template":"","format":"standard","meta":{"fifu_image_url":"","fifu_image_alt":"","footnotes":""},"categories":[73,53],"tags":[],"class_list":["post-50900","post","type-post","status-publish","format-standard","has-post-thumbnail","hentry","category-actualite","category-algerie"],"_links":{"self":[{"href":"https:\/\/linitiative.ca\/International\/wp-json\/wp\/v2\/posts\/50900","targetHints":{"allow":["GET"]}}],"collection":[{"href":"https:\/\/linitiative.ca\/International\/wp-json\/wp\/v2\/posts"}],"about":[{"href":"https:\/\/linitiative.ca\/International\/wp-json\/wp\/v2\/types\/post"}],"author":[{"embeddable":true,"href":"https:\/\/linitiative.ca\/International\/wp-json\/wp\/v2\/users\/1743"}],"replies":[{"embeddable":true,"href":"https:\/\/linitiative.ca\/International\/wp-json\/wp\/v2\/comments?post=50900"}],"version-history":[{"count":0,"href":"https:\/\/linitiative.ca\/International\/wp-json\/wp\/v2\/posts\/50900\/revisions"}],"wp:featuredmedia":[{"embeddable":true,"href":"https:\/\/linitiative.ca\/International\/wp-json\/"}],"wp:attachment":[{"href":"https:\/\/linitiative.ca\/International\/wp-json\/wp\/v2\/media?parent=50900"}],"wp:term":[{"taxonomy":"category","embeddable":true,"href":"https:\/\/linitiative.ca\/International\/wp-json\/wp\/v2\/categories?post=50900"},{"taxonomy":"post_tag","embeddable":true,"href":"https:\/\/linitiative.ca\/International\/wp-json\/wp\/v2\/tags?post=50900"}],"curies":[{"name":"wp","href":"https:\/\/api.w.org\/{rel}","templated":true}]}}