{"id":50902,"date":"2019-08-08T05:35:03","date_gmt":"2019-08-08T09:35:03","guid":{"rendered":"https:\/\/linitiative.ca\/International\/linstance-de-dialogue-rencontre-les-acteurs-du-hirak-sans-les-mesures-dapaisement-aucun-dialogue-nest-possible\/"},"modified":"2019-08-08T05:35:03","modified_gmt":"2019-08-08T09:35:03","slug":"linstance-de-dialogue-rencontre-les-acteurs-du-hirak-sans-les-mesures-dapaisement-aucun-dialogue-nest-possible","status":"publish","type":"post","link":"https:\/\/linitiative.ca\/International\/linstance-de-dialogue-rencontre-les-acteurs-du-hirak-sans-les-mesures-dapaisement-aucun-dialogue-nest-possible\/","title":{"rendered":"L\u2019instance de dialogue rencontre les acteurs du hirak : \u00abSans les mesures d\u2019apaisement, aucun dialogue n\u2019est possible\u00bb"},"content":{"rendered":"<h4 class=\"title-14\"\/>\n<p class=\"p1\"><span class=\"s1\"><strong>D<\/strong><\/span><span class=\"s2\">eux semaines apr\u00e8s son installation officielle par le chef de l\u2019Etat par int\u00e9rim, suivie par d\u2019acerbes critiques autour de sa composante qui a connu, en un temps record, des d\u00e9missions et des arriv\u00e9es, l\u2019instance de dialogue et de m\u00e9diation dont la coordination est confi\u00e9e \u00e0 l\u2019ancien pr\u00e9sident de l\u2019APN, Karim Youn\u00e8s, a tenu, hier, sa premi\u00e8re consultation avec des acteurs de la soci\u00e9t\u00e9 civile et du hirak. Une vingtaine de personne venue de plusieurs wilayas ont expos\u00e9 hier leur vision et ont formul\u00e9 des propositions\u2026<\/span><\/p>\n<p class=\"p1\"><span class=\"s2\">Le panel, pr\u00e9cise le pr\u00e9sident de la commission politique, Amar Belhimer, a entam\u00e9 pour la symbolique ses consultations avec un partenaire qui n\u2019est pas institutionnel, ni un parti politique, ni une organisation syndicale, mais plut\u00f4t avec ceux qui occupent la rue chaque vendredi depuis six mois. Qui a choisi ces personnalit\u00e9s, alors que le mouvement populaire ne s\u2019est pas dot\u00e9 de \u00abrepr\u00e9sentants\u00bb depuis son d\u00e9clenchement ? A cette question, Belhimer s\u2019explique : <em>\u00abNous n\u2019avons contact\u00e9 personne, les participants \u00e0 cette r\u00e9union ont pris attache avec nous dimanche dernier et nous avons convenu de ce rendez-vous. Ils avaient des proposions \u00e0 formuler et des avis \u00e0 donner, nous ne sommes qu\u2019une instance de m\u00e9diation.\u00bb<\/em><\/span><\/p>\n<p class=\"p1\"><span class=\"s2\">De leur c\u00f4t\u00e9, les activistes de la contestation ont tous rappel\u00e9 qu\u2019ils n\u2019\u00e9taient pas mandat\u00e9 pour parler au nom du hirak : <em>\u00abLe hirak n\u2019a pas d\u2019\u00e9lus, nous participons chaque vendredi au mouvement. Nous avons des suggestions pour une sortie de crise\u00bb<\/em>, ont-ils tous pr\u00e9cis\u00e9. La majorit\u00e9 des intervenants ont estim\u00e9 que l\u2019\u00e9lection pr\u00e9sidentielle devrait se tenir rapidement, mais sans l\u2019intervention du gouvernement de Noureddine Bedoui qui est <em>\u00able repr\u00e9sentant de la fraude\u00bb<\/em>. Ils ont indiqu\u00e9 que cette pr\u00e9sidentielle devrait \u00eatre organis\u00e9e et surveill\u00e9e par une instance ind\u00e9pendante et ont exig\u00e9 la r\u00e9vision du code \u00e9lectoral.<\/span><\/p>\n<p class=\"p1\"><span class=\"s2\">Certains militants ont estim\u00e9 que le chef de l\u2019Etat par int\u00e9rim, Abdelkader Bensalah, pouvait rester jusqu\u2019\u00e0 la tenue d\u2019une \u00e9lection, car, selon eux, son d\u00e9part constituait un risque pour la stabilit\u00e9 du pays. Djamel Amata a soulign\u00e9 que les derniers vendredis n\u2019\u00e9taient pas des <em>\u00abhirak\u00bb<\/em>, mais plut\u00f4t \u00ab<em>des marches politiciennes\u00bb<\/em>. Un jeune, Ra\u00efs Rochdi, a quant \u00e0 lui estim\u00e9 que le moment est venu pour que les Alg\u00e9riens d\u00e9cident de leur avenir. Pour ce faire, il faut en finir avec les anciennes pratiques ayant men\u00e9 le pays vers la d\u00e9rive. Concernant l\u2019instance d\u2019organisation des \u00e9lections, il a propos\u00e9 d\u2019\u00e9viter les d\u00e9signations de ses membres. Sa composante doit passer par les \u00e9lections.<\/span><\/p>\n<p class=\"p1\"><span class=\"s2\">Tous les participants ont plaid\u00e9 pour l\u2019installation d\u2019une commission ind\u00e9pendante qui prendra en charge l\u2019\u00e9lection pr\u00e9sidentielle \u00e0 partir du d\u00e9p\u00f4t des dossiers jusqu\u2019\u00e0 la proclamation des r\u00e9sultats. Ils ont \u00e9galement insist\u00e9 sur la condition d\u2019assainir le climat, la lib\u00e9ration des d\u00e9tenus d\u2019opinion et l\u2019exclusion du processus de dialogue les partis de l\u2019alliance, notamment le FLN et le RND, qui ont longtemps \u00e9t\u00e9 les b\u00e9quilles du pouvoir.<\/span><\/p>\n<p class=\"p1\"><span class=\"s2\">Interrog\u00e9 justement sur cette question, Amar Belhimer affirme indirectement qu\u2019il ne compte pas inviter ces formations politiques \u00e0 une table de travail. <em>\u00abLes partis qui ont eu un certain comportement suspect ne peuvent pas participer, sauf si des millions d\u2019Alg\u00e9riens sortent dans la rue pour exiger leur pr\u00e9sence. Je condamne d\u2019ailleurs ces partis qui parlent au nom de l\u2019instance\u00bb<\/em>, a-t-il d\u00e9nonc\u00e9. Pour ce qui est des pr\u00e9alables, il a affirm\u00e9 \u00e0 l\u2019issue de cette r\u00e9union qu\u2019il reste attach\u00e9 \u00e0 ces mesures d\u2019apaisement sans lesquelles aucun dialogue, dit-il, n\u2019est possible.<\/span><\/p>\n<p class=\"p1\"><span class=\"s2\">Dans ce qui sonne comme une mise au point, il pr\u00e9cise : <em>\u00abNous ne sommes pas le pouvoir, ni ses repr\u00e9sentants. Nous avons pos\u00e9 des conditions. Ce sont des dispositions susceptibles de rassurer le peuple sur la bonne volont\u00e9 de l\u2019Etat.\u00bb<\/em> Les membres du panel attendent toujours, estime Karim Youn\u00e8s, la concr\u00e9tisation de cette revendication telle que promise par Bensalah <em>\u00abL\u2019Etat est aussi conscient que sans ces mesures, il est presque impossible de convaincre le peuple. Il faut un climat politique sain pour aller de l\u2019avant. La rue a pos\u00e9 ses conditions, le panel les a d\u00e9fendues\u00bb,<\/em> a-t-il soulign\u00e9. Karim Youn\u00e8s et Amar Belhimer se sont montr\u00e9s satisfaits de cette premi\u00e8re r\u00e9union et ont annonc\u00e9 la tenue d\u2019autres rencontres avec les repr\u00e9sentants du hirak, de la soci\u00e9t\u00e9 civile et des personnalit\u00e9s nationales.<\/span><\/p>\n<p class=\"p1\"><span class=\"s2\">Interrog\u00e9 sur les raisons qui l\u2019ont pouss\u00e9 \u00e0 renoncer \u00e0 d\u00e9missionner du panel, Karim Youn\u00e8s s\u2019est content\u00e9 de dire qu\u2019il a revu sa position pour une seule cause : servir le pays.<\/span><\/p>\n<p class=\"p1\"><span class=\"s2\">Pour sa part, Amar Belhimer a r\u00e9sum\u00e9 les objectifs que s\u2019est fix\u00e9s l\u2019instance et qui s\u2019articulent autour de trois points : diagnostiquer la crise politique r\u00e9sultant d\u2019un r\u00e9gime corrompu, tenter de r\u00e9cup\u00e9rer les libert\u00e9s individuelles et collectives revendiqu\u00e9es par le hirak, et aller vite vers une \u00e9lection pr\u00e9sidentielle en passant par l\u2019instauration d\u2019une autorit\u00e9 d\u2019organisation des \u00e9lections et l\u2019amendement du code \u00e9lectoral. <span class=\"Apple-converted-space\">\u00a0<\/span><\/span><\/p>\n<p><span class=\"post-views-label\">Post Views:<\/span> <span class=\"post-views-count\">716<\/span><\/p>\n<p><br class=\"c4\"\/><\/p>\n<p>Auteur: Hicham Chouadria<br \/>\n<a href=\"https:\/\/www.elwatan.com\/edition\/actualite\/linstance-de-dialogue-rencontre-les-acteurs-du-hirak-sans-les-mesures-dapaisement-aucun-dialogue-nest-possible-08-08-2019\">Cliquez ici pour lire l&rsquo;article depuis sa source.<\/a><\/p>\n","protected":false},"excerpt":{"rendered":"<p>Deux semaines apr\u00e8s son installation officielle par le chef de l\u2019Etat par int\u00e9rim, suivie par d\u2019acerbes critiques autour de sa composante qui a connu, en un temps record, des d\u00e9missions et des arriv\u00e9es, l\u2019instance de dialogue et de m\u00e9diation dont la coordination est confi\u00e9e \u00e0 l\u2019ancien pr\u00e9sident de l\u2019APN, Karim Youn\u00e8s, a tenu, hier, sa [&hellip;]<\/p>\n","protected":false},"author":1743,"featured_media":0,"comment_status":"closed","ping_status":"closed","sticky":false,"template":"","format":"standard","meta":{"fifu_image_url":"","fifu_image_alt":"","footnotes":""},"categories":[73,53],"tags":[],"class_list":["post-50902","post","type-post","status-publish","format-standard","hentry","category-actualite","category-algerie"],"_links":{"self":[{"href":"https:\/\/linitiative.ca\/International\/wp-json\/wp\/v2\/posts\/50902","targetHints":{"allow":["GET"]}}],"collection":[{"href":"https:\/\/linitiative.ca\/International\/wp-json\/wp\/v2\/posts"}],"about":[{"href":"https:\/\/linitiative.ca\/International\/wp-json\/wp\/v2\/types\/post"}],"author":[{"embeddable":true,"href":"https:\/\/linitiative.ca\/International\/wp-json\/wp\/v2\/users\/1743"}],"replies":[{"embeddable":true,"href":"https:\/\/linitiative.ca\/International\/wp-json\/wp\/v2\/comments?post=50902"}],"version-history":[{"count":0,"href":"https:\/\/linitiative.ca\/International\/wp-json\/wp\/v2\/posts\/50902\/revisions"}],"wp:attachment":[{"href":"https:\/\/linitiative.ca\/International\/wp-json\/wp\/v2\/media?parent=50902"}],"wp:term":[{"taxonomy":"category","embeddable":true,"href":"https:\/\/linitiative.ca\/International\/wp-json\/wp\/v2\/categories?post=50902"},{"taxonomy":"post_tag","embeddable":true,"href":"https:\/\/linitiative.ca\/International\/wp-json\/wp\/v2\/tags?post=50902"}],"curies":[{"name":"wp","href":"https:\/\/api.w.org\/{rel}","templated":true}]}}