{"id":50903,"date":"2019-08-08T05:41:39","date_gmt":"2019-08-08T09:41:39","guid":{"rendered":"https:\/\/linitiative.ca\/International\/repression-des-militants-politiques-lassociation-savoir-denonce\/"},"modified":"2019-08-08T05:41:39","modified_gmt":"2019-08-08T09:41:39","slug":"repression-des-militants-politiques-lassociation-savoir-denonce","status":"publish","type":"post","link":"https:\/\/linitiative.ca\/International\/repression-des-militants-politiques-lassociation-savoir-denonce\/","title":{"rendered":"R\u00e9pression des militants politiques : L\u2019association \u00abSavoir+\u00bb d\u00e9nonce"},"content":{"rendered":"<h4 class=\"title-14\"\/>\n<p>L\u2019association culturelle et scientifique \u00abSavoir+\u00bb d\u00e9nonce la r\u00e9pression des militants politiques dans la wilaya de B\u00e9ja\u00efa. Dans un communiqu\u00e9 rendu public hier, cette association s\u2019\u00e9l\u00e8ve contre la convocation \u00abinjuste\u00bb par la s\u00fbret\u00e9 de wilaya de B\u00e9ja\u00efa de Lemnouar Hamamouche (dit Nonor), \u00ab\u00e9tudiant et militant actif aussi bien au sein de l\u2019universit\u00e9 qu\u2019en dehors\u00bb.<\/p>\n<p>Exprimant sa \u00abplus grande solidarit\u00e9\u00bb, cette association \u00e9voque une \u00absuccession de convocations et d\u2019intimidations des militants politiques dont on n\u2019en a encore certainement pas vu la fin\u00bb. Pour cette association, ces convocations sont \u00abloin d\u2019\u00eatre anodines, a fortiori dans un climat de r\u00e9pression qui se montre de plus en plus dure, notamment avec la r\u00e9cente affaire des 10 ans requis contre un des manifestants arborant l\u2019embl\u00e8me amazigh \u00e0 Annaba\u00bb.<\/p>\n<p>L\u2019Association \u00abSavoir+\u00bb charge ainsi le pouvoir politique en l\u2019accusant de man\u0153uvrer pour affaiblir les rangs du mouvement populaire qui r\u00e9clame un changement total du syst\u00e8me politique. \u00abLe pouvoir en place semble s\u2019\u00eatre engag\u00e9 dans une strat\u00e9gie de judiciarisation de notre mouvement, dans l\u2019espoir vain de le d\u00e9tourner de son cours, ainsi que le durcissement graduel de l\u2019\u00e9lan r\u00e9pressif enclench\u00e9 d\u00e8s le d\u00e9but du soul\u00e8vement, une r\u00e9pression qui risque d\u2019aller de mal en pis\u00bb, d\u00e9nonce cette association qui appelle ainsi les militants \u00e0 resserrer leurs rangs pour pouvoir contrer cette r\u00e9pression et exiger la lib\u00e9ration des d\u00e9tenus d\u2019opinion.<\/p>\n<p><span class=\"post-views-label\">Post Views:<\/span> <span class=\"post-views-count\">344<\/span><\/p>\n<p><br class=\"c4\"\/><\/p>\n<p>Auteur: Hicham Chouadria<br \/>\n<a href=\"https:\/\/www.elwatan.com\/edition\/actualite\/repression-des-militants-politiques-lassociation-savoir-denonce-08-08-2019\">Cliquez ici pour lire l&rsquo;article depuis sa source.<\/a><\/p>\n","protected":false},"excerpt":{"rendered":"<p>L\u2019association culturelle et scientifique \u00abSavoir+\u00bb d\u00e9nonce la r\u00e9pression des militants politiques dans la wilaya de B\u00e9ja\u00efa. Dans un communiqu\u00e9 rendu public hier, cette association s\u2019\u00e9l\u00e8ve contre la convocation \u00abinjuste\u00bb par la s\u00fbret\u00e9 de wilaya de B\u00e9ja\u00efa de Lemnouar Hamamouche (dit Nonor), \u00ab\u00e9tudiant et militant actif aussi bien au sein de l\u2019universit\u00e9 qu\u2019en dehors\u00bb. Exprimant sa [&hellip;]<\/p>\n","protected":false},"author":1743,"featured_media":0,"comment_status":"closed","ping_status":"closed","sticky":false,"template":"","format":"standard","meta":{"fifu_image_url":"","fifu_image_alt":"","footnotes":""},"categories":[73,53],"tags":[],"class_list":["post-50903","post","type-post","status-publish","format-standard","hentry","category-actualite","category-algerie"],"_links":{"self":[{"href":"https:\/\/linitiative.ca\/International\/wp-json\/wp\/v2\/posts\/50903","targetHints":{"allow":["GET"]}}],"collection":[{"href":"https:\/\/linitiative.ca\/International\/wp-json\/wp\/v2\/posts"}],"about":[{"href":"https:\/\/linitiative.ca\/International\/wp-json\/wp\/v2\/types\/post"}],"author":[{"embeddable":true,"href":"https:\/\/linitiative.ca\/International\/wp-json\/wp\/v2\/users\/1743"}],"replies":[{"embeddable":true,"href":"https:\/\/linitiative.ca\/International\/wp-json\/wp\/v2\/comments?post=50903"}],"version-history":[{"count":0,"href":"https:\/\/linitiative.ca\/International\/wp-json\/wp\/v2\/posts\/50903\/revisions"}],"wp:attachment":[{"href":"https:\/\/linitiative.ca\/International\/wp-json\/wp\/v2\/media?parent=50903"}],"wp:term":[{"taxonomy":"category","embeddable":true,"href":"https:\/\/linitiative.ca\/International\/wp-json\/wp\/v2\/categories?post=50903"},{"taxonomy":"post_tag","embeddable":true,"href":"https:\/\/linitiative.ca\/International\/wp-json\/wp\/v2\/tags?post=50903"}],"curies":[{"name":"wp","href":"https:\/\/api.w.org\/{rel}","templated":true}]}}