{"id":50904,"date":"2019-08-08T05:41:55","date_gmt":"2019-08-08T09:41:55","guid":{"rendered":"https:\/\/linitiative.ca\/International\/sit-in-devant-le-nouvelle-cour-doran\/"},"modified":"2019-08-08T05:41:55","modified_gmt":"2019-08-08T09:41:55","slug":"sit-in-devant-le-nouvelle-cour-doran","status":"publish","type":"post","link":"https:\/\/linitiative.ca\/International\/sit-in-devant-le-nouvelle-cour-doran\/","title":{"rendered":"Sit-in devant le nouvelle cour d\u2019Oran"},"content":{"rendered":"<h4 class=\"title-14\"\/>\n<p>Hier matin, les membres du comit\u00e9 anti-r\u00e9pression d\u2019Oran, \u00e9paul\u00e9s par plusieurs militants du hirak, ont manifest\u00e9 devant le si\u00e8ge de la nouvelle cour d\u2019Oran, situ\u00e9e non loin du rond-point El Morchid.<\/p>\n<p>Ils \u00e9taient plus d\u2019une cinquantaine, femmes et hommes, \u00e0 s\u2019\u00eatre rassembl\u00e9s \u00e0 l\u2019est de la ville pour r\u00e9clamer la lib\u00e9ration de l\u2019ensemble des d\u00e9tenus \u2013 d\u2019opinion et politiques \u00ad\u00ad\u2013 dont le nombre ne cesse de cro\u00eetre semaine apr\u00e8s semaine.<\/p>\n<p>Les manifestants arboraient les photos des d\u00e9tenus pour d\u00e9lit d\u2019opinion, avec leurs noms et pr\u00e9noms marqu\u00e9s dessus. Sur deux longues banderoles \u00e9tait \u00e9crit : \u00abVotre r\u00e9pression aveugle vous a conduit jusqu\u2019\u00e0 emprisonner les v\u00e9ritables moujahidine\u00bb et \u00abLib\u00e9rez les d\u00e9tenus d\u2019opinion et les d\u00e9tenus politiques\u00bb. Bien qu\u2019\u00e0 Oran il n\u2019y a pas de d\u00e9tenus d\u2019opinion derri\u00e8re les barreaux, cela n\u2019a pas emp\u00each\u00e9 les militants de se rassembler en signe de solidarit\u00e9 avec les prisonniers des autres wilayas du pays, nous explique-t-on.<\/p>\n<p>D\u2019une seule voix, les manifestants ont cri\u00e9 des slogans virulents \u00e0 l\u2019encontre du pouvoir\u00a0: \u00abHad cha\u00e2b la yourid hokm el assker min jadid\u00bb (Ce peuple ne veut pas \u00eatre gouvern\u00e9 par le pouvoir militaire), \u00abDawla madania, Adala moustakila\u00bb (oui \u00e0 un Etat civil avec une justice ind\u00e9pendante). \u00abYa Amirouche ya Haou\u00e8s, Bourega\u00e2 rah fi lehbass\u00bb (\u00f4 Amirouche et Haou\u00e8s, ils ont mis Bourega\u00e2 en prison) et \u00abKassaman marana habssine hata youkhroudjou el mehbassine\u00bb (on jure qu\u2019on ne s\u2019arr\u00eatera pas jusqu\u2019\u00e0 ce que vous rel\u00e2chiez tous les d\u00e9tenus politiques).<\/p>\n<p>Un manifestant tenait une pancarte sur laquelle \u00e9tait \u00e9crit : \u00abNon \u00e0 la loi du plus fort, oui aux lois fortes et \u00e0 l\u2019ind\u00e9pendance de la justice\u00bb, un autre, faisant r\u00e9f\u00e9rence au Congr\u00e8s de la Soummam, avait \u00e9crit sur sa pancarte la n\u00e9cessit\u00e9 de la primaut\u00e9 du politique sur le militaire. Les manifestants se sont dispers\u00e9s dans le calme, en se donnant rendez-vous pour demain, vendredi.<\/p>\n<p><span class=\"post-views-label\">Post Views:<\/span> <span class=\"post-views-count\">471<\/span><\/p>\n<p><br class=\"c4\"\/><\/p>\n<p>Auteur: Hicham Chouadria<br \/>\n<a href=\"https:\/\/www.elwatan.com\/edition\/actualite\/sit-in-devant-le-nouvelle-cour-doran-08-08-2019\">Cliquez ici pour lire l&rsquo;article depuis sa source.<\/a><\/p>\n","protected":false},"excerpt":{"rendered":"<p>Hier matin, les membres du comit\u00e9 anti-r\u00e9pression d\u2019Oran, \u00e9paul\u00e9s par plusieurs militants du hirak, ont manifest\u00e9 devant le si\u00e8ge de la nouvelle cour d\u2019Oran, situ\u00e9e non loin du rond-point El Morchid. Ils \u00e9taient plus d\u2019une cinquantaine, femmes et hommes, \u00e0 s\u2019\u00eatre rassembl\u00e9s \u00e0 l\u2019est de la ville pour r\u00e9clamer la lib\u00e9ration de l\u2019ensemble des d\u00e9tenus [&hellip;]<\/p>\n","protected":false},"author":1743,"featured_media":0,"comment_status":"closed","ping_status":"closed","sticky":false,"template":"","format":"standard","meta":{"fifu_image_url":"","fifu_image_alt":"","footnotes":""},"categories":[73,53],"tags":[],"class_list":["post-50904","post","type-post","status-publish","format-standard","hentry","category-actualite","category-algerie"],"_links":{"self":[{"href":"https:\/\/linitiative.ca\/International\/wp-json\/wp\/v2\/posts\/50904","targetHints":{"allow":["GET"]}}],"collection":[{"href":"https:\/\/linitiative.ca\/International\/wp-json\/wp\/v2\/posts"}],"about":[{"href":"https:\/\/linitiative.ca\/International\/wp-json\/wp\/v2\/types\/post"}],"author":[{"embeddable":true,"href":"https:\/\/linitiative.ca\/International\/wp-json\/wp\/v2\/users\/1743"}],"replies":[{"embeddable":true,"href":"https:\/\/linitiative.ca\/International\/wp-json\/wp\/v2\/comments?post=50904"}],"version-history":[{"count":0,"href":"https:\/\/linitiative.ca\/International\/wp-json\/wp\/v2\/posts\/50904\/revisions"}],"wp:attachment":[{"href":"https:\/\/linitiative.ca\/International\/wp-json\/wp\/v2\/media?parent=50904"}],"wp:term":[{"taxonomy":"category","embeddable":true,"href":"https:\/\/linitiative.ca\/International\/wp-json\/wp\/v2\/categories?post=50904"},{"taxonomy":"post_tag","embeddable":true,"href":"https:\/\/linitiative.ca\/International\/wp-json\/wp\/v2\/tags?post=50904"}],"curies":[{"name":"wp","href":"https:\/\/api.w.org\/{rel}","templated":true}]}}