{"id":50905,"date":"2019-08-08T05:42:31","date_gmt":"2019-08-08T09:42:31","guid":{"rendered":"https:\/\/linitiative.ca\/International\/appels-pour-la-liberation-des-detenus-dopinion-forte-mobilisation-a-oran-et-bouira\/"},"modified":"2019-08-08T05:42:31","modified_gmt":"2019-08-08T09:42:31","slug":"appels-pour-la-liberation-des-detenus-dopinion-forte-mobilisation-a-oran-et-bouira","status":"publish","type":"post","link":"https:\/\/linitiative.ca\/International\/appels-pour-la-liberation-des-detenus-dopinion-forte-mobilisation-a-oran-et-bouira\/","title":{"rendered":"Appels pour la lib\u00e9ration des d\u00e9tenus d\u2019opinion : Forte mobilisation \u00e0 Oran et Bouira"},"content":{"rendered":"<h4 class=\"title-14\"\/>\n<div class=\"featured_image\"><img width=\"800\" height=\"421\" data-cfsrc=\"https:\/\/www.elwatan.com\/wp-content\/uploads\/2019\/08\/Photo-El-Watan.-Marche-\u00e0-Haizer-2-e1565236332669.jpg\" class=\"attachment-post-thumbnail size-post-thumbnail wp-post-image c2\" alt=\"\"\/><noscript><\/p>\n<p><img loading=\"lazy\" decoding=\"async\" width=\"800\" height=\"421\" src=\"https:\/\/www.elwatan.com\/wp-content\/uploads\/2019\/08\/Photo-El-Watan.-Marche-%C3%A0-Haizer-2-e1565236332669.jpg\" class=\"attachment-post-thumbnail size-post-thumbnail wp-post-image\" alt=\"\"\/><\/p>\n<p><\/noscript> <span class=\"featured-image-caption\">Forte mobilsation hier \u00e0 Bouira (photo : El watan)<\/span><\/div>\n<p>Des centaines de personnes ont march\u00e9 hier au chef-lieu de la commune de Ha\u00efzer, \u00e0 15 km \u00e0 l\u2019est de Bouira, pour r\u00e9clamer la lib\u00e9ration de tous les d\u00e9tenus d\u2019opinion. La majorit\u00e9 de ces d\u00e9tenus sont des jeunes ayant brandi l\u2019embl\u00e8me amazigh lors des marches du hirak \u00e0 Alger.<\/p>\n<p>Malgr\u00e9 la canicule, la mobilisation \u00e0 laquelle avait appel\u00e9 le Collectif de soutien aux d\u00e9tenus d\u2019opinion \u00e0 Haizer a eu un \u00e9cho parmi les habitants de la commune ainsi que ceux des r\u00e9gions limitrophes, et m\u00eame d\u2019autres wilayas du pays.<\/p>\n<p>En signe de solidarit\u00e9, les commer\u00e7ants ont observ\u00e9 une gr\u00e8ve d\u2019une demi-journ\u00e9e. D\u00e8s 10h, une foule nombreuse \u00e9tait d\u00e9j\u00e0 rassembl\u00e9e devant le si\u00e8ge de l\u2019APC, point de d\u00e9part de la marche. Munis de banderoles, les manifestants ont sillonn\u00e9 pendant pr\u00e8s d\u2019une heure les principales art\u00e8res de la ville.<\/p>\n<p>Pendant ce temps, un h\u00e9licopt\u00e8re de la Gendarmerie nationale survolait les lieux \u00e0 plusieurs reprises, attisant ainsi la col\u00e8re de la foule qui scandait\u00a0: \u00abPouvoir assassin !\u00bb, \u00abLib\u00e9rez nos enfants\u00bb, \u00abY en a marre des g\u00e9n\u00e9raux\u00bb, \u00abDawla madania, machi askaria !\u00bb (Oui \u00e0 l\u2019Etat civil, non \u00e0 l\u2019Etat militaire), \u00abOulach l\u2019vot oulach !\u00bb (Il n\u2019y aura pas d\u2019\u00e9lection), etc.<\/p>\n<p>Les manifestants ont en outre r\u00e9clam\u00e9 la lib\u00e9ration du moudjahid Lakhdar Bourega\u00e2, commandant de la Wilaya IV historique, lui aussi incarc\u00e9r\u00e9. La col\u00e8re des protestataires s\u2019est retourn\u00e9e contre Karim Youn\u00e8s, le coordinateur du panel charg\u00e9 du dialogue, qu\u2019ils accusent d\u2019\u00eatre \u00ab\u00e0 la solde des g\u00e9n\u00e9raux\u00bb. Le chef d\u2019\u00e9tat-major de l\u2019ANP, Ahmed Ga\u00efd Salah, n\u2019a pas \u00e9chapp\u00e9 \u00e0 la r\u00e8gle. La foule avait r\u00e9clam\u00e9 sa \u00abmise \u00e0 l\u2019\u00e9cart et son incarc\u00e9ration \u00e0 El Harrach\u00bb.<\/p>\n<p>Les p\u00e8res des trois d\u00e9tenus originaires de la commune de Haizer et autres prisonniers d\u2019autres wilayas du pays, ont exprim\u00e9 col\u00e8re et indignation lors de la prise de parole devant le si\u00e8ge de l\u2019APC. \u00abPendant que nos enfants croupissent en prison, les leurs sont tous en Europe pour les vacances. Pourquoi tant d\u2019injustice ? Nous n\u2019allons f\u00eater l\u2019A\u00efd, \u00e0 l\u2019instar de tous les Alg\u00e9riens, qu\u2019une fois nos enfants lib\u00e9r\u00e9s\u00bb, clame le p\u00e8re d\u2019un d\u00e9tenu.<\/p>\n<p>Quant au d\u00e9put\u00e9 d\u00e9missionnaire Khaled Tazaghart, il s\u2019est montr\u00e9 optimiste quant \u00e0 l\u2019avenir du pays. \u00abLa lutte qu\u2019ont men\u00e9e nos a\u00een\u00e9s, que ce soit en 1963 et 1980, puis celle des jeunes de 2001, a donn\u00e9 ses fruits. Le peuple alg\u00e9rien s\u2019est unifi\u00e9 et r\u00e9clame le d\u00e9part de ce syst\u00e8me pourri. C\u2019est d\u00e9j\u00e0 un acquis. Je pense que le bout du tunnel n\u2019est pas loin. Cependant, nous devons continuer le combat\u00bb, s\u2019est-t-il exprim\u00e9.<\/p>\n<p>Par ailleurs, Nadia Matoub, tr\u00e8s attendue par la population locale pour participer \u00e0 la marche, est finalement arriv\u00e9e tard \u00e0 Haizer. De retour de Annaba, la veuve du Rebelle s\u2019est retrouv\u00e9e coinc\u00e9e dans des embouteillages dans la ville de Sidi A\u00efch (B\u00e9ja\u00efa). La foule des manifestants s\u2019est dispers\u00e9e dans le calme vers midi. Rendez-vous a \u00e9t\u00e9 donn\u00e9 pour une autre marche, aujourd\u2019hui \u00e0 Tazmalt, \u00e0 l\u2019ouest de la wilaya de B\u00e9ja\u00efa.<\/p>\n<p><span class=\"post-views-label\">Post Views:<\/span> <span class=\"post-views-count\">1\u00a0025<\/span><\/p>\n<p><br class=\"c5\"\/><\/p>\n<p>Auteur: Hicham Chouadria<br \/>\n<a href=\"https:\/\/www.elwatan.com\/edition\/actualite\/appels-pour-la-liberation-des-detenus-dopinion-forte-mobilisation-a-oran-et-bouira-08-08-2019\">Cliquez ici pour lire l&rsquo;article depuis sa source.<\/a><\/p>\n","protected":false},"excerpt":{"rendered":"<p>Forte mobilsation hier \u00e0 Bouira (photo : El watan) Des centaines de personnes ont march\u00e9 hier au chef-lieu de la commune de Ha\u00efzer, \u00e0 15 km \u00e0 l\u2019est de Bouira, pour r\u00e9clamer la lib\u00e9ration de tous les d\u00e9tenus d\u2019opinion. La majorit\u00e9 de ces d\u00e9tenus sont des jeunes ayant brandi l\u2019embl\u00e8me amazigh lors des marches du [&hellip;]<\/p>\n","protected":false},"author":1743,"featured_media":50906,"comment_status":"closed","ping_status":"closed","sticky":false,"template":"","format":"standard","meta":{"fifu_image_url":"","fifu_image_alt":"","footnotes":""},"categories":[73,53],"tags":[],"class_list":["post-50905","post","type-post","status-publish","format-standard","has-post-thumbnail","hentry","category-actualite","category-algerie"],"_links":{"self":[{"href":"https:\/\/linitiative.ca\/International\/wp-json\/wp\/v2\/posts\/50905","targetHints":{"allow":["GET"]}}],"collection":[{"href":"https:\/\/linitiative.ca\/International\/wp-json\/wp\/v2\/posts"}],"about":[{"href":"https:\/\/linitiative.ca\/International\/wp-json\/wp\/v2\/types\/post"}],"author":[{"embeddable":true,"href":"https:\/\/linitiative.ca\/International\/wp-json\/wp\/v2\/users\/1743"}],"replies":[{"embeddable":true,"href":"https:\/\/linitiative.ca\/International\/wp-json\/wp\/v2\/comments?post=50905"}],"version-history":[{"count":0,"href":"https:\/\/linitiative.ca\/International\/wp-json\/wp\/v2\/posts\/50905\/revisions"}],"wp:featuredmedia":[{"embeddable":true,"href":"https:\/\/linitiative.ca\/International\/wp-json\/"}],"wp:attachment":[{"href":"https:\/\/linitiative.ca\/International\/wp-json\/wp\/v2\/media?parent=50905"}],"wp:term":[{"taxonomy":"category","embeddable":true,"href":"https:\/\/linitiative.ca\/International\/wp-json\/wp\/v2\/categories?post=50905"},{"taxonomy":"post_tag","embeddable":true,"href":"https:\/\/linitiative.ca\/International\/wp-json\/wp\/v2\/tags?post=50905"}],"curies":[{"name":"wp","href":"https:\/\/api.w.org\/{rel}","templated":true}]}}