{"id":50907,"date":"2019-08-08T05:45:15","date_gmt":"2019-08-08T09:45:15","guid":{"rendered":"https:\/\/linitiative.ca\/International\/multiplication-des-initiatives-de-dialogue-le-pouvoir-veut-noyer-le-hirak\/"},"modified":"2019-08-08T05:45:15","modified_gmt":"2019-08-08T09:45:15","slug":"multiplication-des-initiatives-de-dialogue-le-pouvoir-veut-noyer-le-hirak","status":"publish","type":"post","link":"https:\/\/linitiative.ca\/International\/multiplication-des-initiatives-de-dialogue-le-pouvoir-veut-noyer-le-hirak\/","title":{"rendered":"Multiplication des initiatives de dialogue : Le pouvoir veut noyer le hirak"},"content":{"rendered":"<h4 class=\"title-14\"\/>\n<div class=\"featured_image\"><img width=\"1182\" height=\"484\" data-cfsrc=\"https:\/\/www.elwatan.com\/wp-content\/uploads\/2019\/08\/manif.jpg\" class=\"attachment-post-thumbnail size-post-thumbnail wp-post-image c2\" alt=\"\" srcset=\"https:\/\/www.elwatan.com\/wp-content\/uploads\/2019\/08\/manif.jpg 1182w, https:\/\/www.elwatan.com\/wp-content\/uploads\/2019\/08\/manif-300x123.jpg 300w, https:\/\/www.elwatan.com\/wp-content\/uploads\/2019\/08\/manif-768x314.jpg 768w, https:\/\/www.elwatan.com\/wp-content\/uploads\/2019\/08\/manif-1024x419.jpg 1024w\" sizes=\"(max-width: 1182px) 100vw, 1182px\"\/><noscript><\/p>\n<p><img loading=\"lazy\" decoding=\"async\" width=\"1182\" height=\"484\" src=\"https:\/\/www.elwatan.com\/wp-content\/uploads\/2019\/08\/manif.jpg\" class=\"attachment-post-thumbnail size-post-thumbnail wp-post-image\" alt=\"\" srcset=\"https:\/\/www.elwatan.com\/wp-content\/uploads\/2019\/08\/manif.jpg 1182w, https:\/\/www.elwatan.com\/wp-content\/uploads\/2019\/08\/manif-300x123.jpg 300w, https:\/\/www.elwatan.com\/wp-content\/uploads\/2019\/08\/manif-768x314.jpg 768w, https:\/\/www.elwatan.com\/wp-content\/uploads\/2019\/08\/manif-1024x419.jpg 1024w\" sizes=\"auto, (max-width: 1182px) 100vw, 1182px\"\/><\/p>\n<p><\/noscript> <span class=\"featured-image-caption\">( Photo :Sami K )<\/span><\/div>\n<p class=\"p1\"><span class=\"s1\"><strong>L<\/strong><\/span><span class=\"s2\">e panel du dialogue et de m\u00e9diation a tenu hier sa premi\u00e8re rencontre avec des \u00abrepr\u00e9sentants\u00bb du hirak populaire et de la soci\u00e9t\u00e9 civile. D\u2019autres conclaves de ce genre sont pr\u00e9vus dans les jours \u00e0 venir, malgr\u00e9 l\u2019opposition exprim\u00e9e par la population qui sort tous les vendredis pour dire non \u00e0 toute d\u00e9marche qui n\u2019a pas recueilli, d\u2019ailleurs, l\u2019adh\u00e9sion des partis de l\u2019opposition.<\/span><\/p>\n<p class=\"p1\"><span class=\"s2\">Parall\u00e8lement \u00e0 cette premi\u00e8re r\u00e9union, les partis du pouvoir, le FLN et le RND, semblent vouloir se red\u00e9ployer en multipliant les sorties, plut\u00f4t m\u00e9diatis\u00e9es, en faisant la promotion, bien \u00e9videmment, du dialogue, qui ne doit, selon eux, concerner que la seule question de l\u2019\u00e9lection pr\u00e9sidentielle. Ebranl\u00e9 par l\u2019ampleur de la contestation populaire qui s\u2019est d\u00e9clench\u00e9e le 22 f\u00e9vrier dernier, et s\u2019\u00e9tant par cons\u00e9quent, terr\u00e9 pendant de longues semaines, le pouvoir en place \u2013 et ses relais \u2013 semble vouloir reprendre du terrain afin d\u2019imposer sa feuille de route consistant en l\u2019organisation d\u2019une \u00e9lection pr\u00e9sidentielle <em>\u00abdans les plus brefs d\u00e9lais\u00bb<\/em>.<\/span><\/p>\n<p class=\"p1\"><span class=\"s2\">Apr\u00e8s l\u2019annulation des deux rendez-vous, du 18 avril, et par la suite du 4 juillet, il n\u2019est plus question pour lui d\u2019essuyer un autre \u00e9chec. D\u2019o\u00f9 l\u2019insistance sur ce dialogue d\u00e9bouchant exclusivement sur l\u2019installation de la commission d\u2019organisation des \u00e9lections. Or, jusque-l\u00e0, la population semble peu encline \u00e0 adopter cette d\u00e9marche, qui, du point de vue des partis de l\u2019opposition, ne ferait que r\u00e9g\u00e9n\u00e9rer le \u00absyst\u00e8me\u00bb.<\/span><\/p>\n<p class=\"p2\"><span class=\"s2\">A cet effet, apr\u00e8s avoir annonc\u00e9 la composante du panel, le 25 juillet dernier, les Alg\u00e9riens ont fortement critiqu\u00e9 son coordinateur, Karim Youn\u00e8s, et ont r\u00e9clam\u00e9 une nouvelle fois le d\u00e9part des symboles du syst\u00e8me, \u00e0 savoir le Premier ministre, Nourredine Bedoui, et le chef de l\u2019Etat par int\u00e9rim, Abdelkader Bensalah. Ce qui n\u2019a pas emp\u00each\u00e9 le panel, qui n\u2019a pas \u00e9t\u00e9 rejoint par les personnalit\u00e9s les plus en vue de la sc\u00e8ne politique nationale, d\u2019entamer ses \u00abconsultations\u00bb. Le rejet par le chef d\u2019\u00e9tat-major de l\u2019ANP des \u00abpr\u00e9alables\u00bb r\u00e9clam\u00e9s par bon nombre d\u2019acteurs politiques, et m\u00eame par les membres du panel, a jet\u00e9 le doute sur son r\u00f4le et son efficacit\u00e9. Certains, comme l\u2019\u00e9conomiste Sma\u00efl Lalmas, ont d\u00e9missionn\u00e9.<\/span><\/p>\n<p class=\"p2\"><span class=\"s2\">D\u2019autres ont par contre rejoint le panel, qui a finalement d\u00e9cid\u00e9 d\u2019entamer quand m\u00eame son travail. D\u2019autres actions pourront \u00eatre lanc\u00e9es dans les jours \u00e0 venir. Au niveau de certaines wilayas, des rencontres avec des \u00abrepr\u00e9sentants\u00bb du hirak sont en pr\u00e9paration. Certaines ont eu d\u00e9j\u00e0 lieu ces derni\u00e8res semaines. Par ailleurs, il se pourrait qu\u2019il y ait une tentative d\u2019introduire le mot d\u2019ordre relatif \u00e0 l\u2019organisation d\u2019une \u00e9lection pr\u00e9sidentielle <em>\u00abdans les plus brefs d\u00e9lais\u00bb<\/em> lors des manifestations futures. Une vid\u00e9o film\u00e9e \u00e0 l\u2019int\u00e9rieur d\u2019une imprimerie, sise \u00e0 Skikda apparemment, o\u00f9 sont confectionn\u00e9es de larges banderoles sur lesquelles sont inscrits ces slogans, a circul\u00e9 ces derni\u00e8res heures sur internet.<\/span><\/p>\n<p class=\"p2\"><span class=\"s2\">Ainsi, cette \u00aboffensive\u00bb est marqu\u00e9e \u00e9galement par un retour sur le devant de la sc\u00e8ne du FLN, qui a organis\u00e9, hier, au Centre international des conventions (CIC) de Club des Pins, sa <em>\u00abrencontre nationale du dialogue des cadres\u00bb<\/em> et du RND qui a rendu publique, le m\u00eame jour, son initiative <em>\u00abvers une mutation r\u00e9publicaine\u00bb<\/em>. Bien \u00e9videmment, ces deux formations politiques s\u2019insurgent essentiellement contre ceux qui r\u00e9clament leur dissolution ou au moins leur exclusion du processus de dialogue en cours ou \u00e0 venir. M\u00eame des membres du panel, Karim Youn\u00e8s, Abdelwahab Bendjelloul, ou bien son porte-parole Djamel Karkadane, ont affirm\u00e9 qu\u2019ils ne pouvaient aller \u00e0 l\u2019encontre de la volont\u00e9 du peuple et discuter avec les partis de l\u2019ex-alliance pr\u00e9sidentielle.<\/span><\/p>\n<p class=\"p2\"><span class=\"s2\">Le RND a jug\u00e9 que les pr\u00e9c\u00e9dentes initiatives, \u00e9manant d\u2019autres partis ou personnalit\u00e9s politiques, \u00e9taient vou\u00e9es \u00e0 l\u2019\u00e9chec en raison de <em>\u00abl\u2019exclusion de certaines parties\u00bb<\/em>, d\u2019autant plus qu\u2019elles <em>\u00abne refl\u00e8tent pas la position d\u2019une importante frange de la classe politique qui a une port\u00e9e nationale et dont la repr\u00e9sentation est majoritaire au niveau des assembl\u00e9es \u00e9lues\u00bb<\/em>. Avec de \u00abnouveaux\u00bb visages, Mohamed Djema\u00ef pour le FLN, et Azzedine Mihoubi pour le RND, m\u00eame si les deux personnalit\u00e9s avaient leur place dans l\u2019ancien r\u00e9gime, ces deux partis tentent de s\u2019imposer afin de garder leurs \u00abpositions\u00bb sur la sc\u00e8ne politique nationale et imposer cette feuille de route. <em>\u00abLe r\u00e9gime corrompu se red\u00e9ploie dans une tentative de casser le hirak\u00bb<\/em>, a estim\u00e9 Sa\u00efd Salhi, vice-pr\u00e9sident de la Ligue alg\u00e9rienne de d\u00e9fense des droits de l\u2019homme (LADDH).<\/span><\/p>\n<p class=\"p2\"><span class=\"s2\">Bien \u00e9videmment, face \u00e0 ces tentatives d\u2019imposer cette feuille de route, la position des manifestants est toujours attendue. Et celle-ci est exprim\u00e9e chaque mardi et vendredi. Demain, les Alg\u00e9riens r\u00e9agiront certainement aux derniers d\u00e9veloppements. Que fera le pouvoir dans le cas de la persistance du rejet de sa d\u00e9marche ? Le hirak populaire ne montre pas pour l\u2019instant des signes d\u2019essoufflement. Et les choses pourraient devenir encore plus complexes, d\u00e8s la prochaine rentr\u00e9e sociale, alors que des manifestants ont commenc\u00e9 \u00e0 \u00e9voquer, vendredi pass\u00e9, la d\u00e9sob\u00e9issance civile.<\/span><\/p>\n<p><span class=\"post-views-label\">Post Views:<\/span> <span class=\"post-views-count\">4\u00a0887<\/span><\/p>\n<p><br class=\"c4\"\/><\/p>\n<p>Auteur: Hicham Chouadria<br \/>\n<a href=\"https:\/\/www.elwatan.com\/a-la-une\/multiplication-des-initiatives-de-dialogue-le-pouvoir-veut-noyer-le-hirak-08-08-2019\">Cliquez ici pour lire l&rsquo;article depuis sa source.<\/a><\/p>\n","protected":false},"excerpt":{"rendered":"<p>( Photo :Sami K ) Le panel du dialogue et de m\u00e9diation a tenu hier sa premi\u00e8re rencontre avec des \u00abrepr\u00e9sentants\u00bb du hirak populaire et de la soci\u00e9t\u00e9 civile. D\u2019autres conclaves de ce genre sont pr\u00e9vus dans les jours \u00e0 venir, malgr\u00e9 l\u2019opposition exprim\u00e9e par la population qui sort tous les vendredis pour dire non [&hellip;]<\/p>\n","protected":false},"author":1743,"featured_media":50908,"comment_status":"closed","ping_status":"closed","sticky":false,"template":"","format":"standard","meta":{"fifu_image_url":"","fifu_image_alt":"","footnotes":""},"categories":[73,53],"tags":[],"class_list":["post-50907","post","type-post","status-publish","format-standard","has-post-thumbnail","hentry","category-actualite","category-algerie"],"_links":{"self":[{"href":"https:\/\/linitiative.ca\/International\/wp-json\/wp\/v2\/posts\/50907","targetHints":{"allow":["GET"]}}],"collection":[{"href":"https:\/\/linitiative.ca\/International\/wp-json\/wp\/v2\/posts"}],"about":[{"href":"https:\/\/linitiative.ca\/International\/wp-json\/wp\/v2\/types\/post"}],"author":[{"embeddable":true,"href":"https:\/\/linitiative.ca\/International\/wp-json\/wp\/v2\/users\/1743"}],"replies":[{"embeddable":true,"href":"https:\/\/linitiative.ca\/International\/wp-json\/wp\/v2\/comments?post=50907"}],"version-history":[{"count":0,"href":"https:\/\/linitiative.ca\/International\/wp-json\/wp\/v2\/posts\/50907\/revisions"}],"wp:featuredmedia":[{"embeddable":true,"href":"https:\/\/linitiative.ca\/International\/wp-json\/"}],"wp:attachment":[{"href":"https:\/\/linitiative.ca\/International\/wp-json\/wp\/v2\/media?parent=50907"}],"wp:term":[{"taxonomy":"category","embeddable":true,"href":"https:\/\/linitiative.ca\/International\/wp-json\/wp\/v2\/categories?post=50907"},{"taxonomy":"post_tag","embeddable":true,"href":"https:\/\/linitiative.ca\/International\/wp-json\/wp\/v2\/tags?post=50907"}],"curies":[{"name":"wp","href":"https:\/\/api.w.org\/{rel}","templated":true}]}}