{"id":50909,"date":"2019-08-08T06:01:35","date_gmt":"2019-08-08T10:01:35","guid":{"rendered":"https:\/\/linitiative.ca\/International\/arrete-pour-port-de-drapeau-amazigh-a-annaba-nadir-fetissi-acquitte\/"},"modified":"2019-08-08T06:01:35","modified_gmt":"2019-08-08T10:01:35","slug":"arrete-pour-port-de-drapeau-amazigh-a-annaba-nadir-fetissi-acquitte","status":"publish","type":"post","link":"https:\/\/linitiative.ca\/International\/arrete-pour-port-de-drapeau-amazigh-a-annaba-nadir-fetissi-acquitte\/","title":{"rendered":"Arr\u00eat\u00e9 pour port de drapeau amazigh \u00e0 Annaba, Nadir Fetissi acquitt\u00e9"},"content":{"rendered":"<h4 class=\"title-14\"\/>\n<div class=\"featured_image\"><img width=\"720\" height=\"540\" data-cfsrc=\"https:\/\/www.elwatan.com\/wp-content\/uploads\/2019\/08\/Nadir-Fetissi.jpg\" class=\"attachment-post-thumbnail size-post-thumbnail wp-post-image c2\" alt=\"Arr\u00eat\u00e9 pour port de drapeau amazigh \u00e0 Annaba, Nadir Fetissi acquitt\u00e9\" srcset=\"https:\/\/www.elwatan.com\/wp-content\/uploads\/2019\/08\/Nadir-Fetissi.jpg 720w, https:\/\/www.elwatan.com\/wp-content\/uploads\/2019\/08\/Nadir-Fetissi-300x225.jpg 300w\" sizes=\"(max-width: 720px) 100vw, 720px\"\/><noscript><\/p>\n<p><img loading=\"lazy\" decoding=\"async\" width=\"720\" height=\"540\" src=\"https:\/\/www.elwatan.com\/wp-content\/uploads\/2019\/08\/Nadir-Fetissi.jpg\" class=\"attachment-post-thumbnail size-post-thumbnail wp-post-image\" alt=\"Arr\u00eat\u00e9 pour port de drapeau amazigh \u00e0 Annaba, Nadir Fetissi acquitt\u00e9\" srcset=\"https:\/\/www.elwatan.com\/wp-content\/uploads\/2019\/08\/Nadir-Fetissi.jpg 720w, https:\/\/www.elwatan.com\/wp-content\/uploads\/2019\/08\/Nadir-Fetissi-300x225.jpg 300w\" sizes=\"auto, (max-width: 720px) 100vw, 720px\"\/><\/p>\n<p><\/noscript> <span class=\"featured-image-caption\">Photo : DR<\/span><\/div>\n<p>\u00abLe tribunal d\u2019Annaba vient de prononcer un acquittement dans l\u2019affaire de M. Fetissi Nadir, avec la restitution des deux drapeaux amazighs\u00bb, a annonc\u00e9, aujourd\u2019hui jeudi, l\u2019avocat Kouceila Zerguine.<\/p>\n<p>Pour rappel, le procureur de la R\u00e9publique pr\u00e8s le tribunal de Annaba avait requis 10 ans de prison ferme contre Nadir Fetissi.<\/p>\n<p><span class=\"post-views-label\">Post Views:<\/span> <span class=\"post-views-count\">4\u00a0045<\/span><\/p>\n<p><br class=\"c4\"\/><\/p>\n<p>Auteur: Mohand Yahiaoui<br \/>\n<a href=\"https:\/\/www.elwatan.com\/edition\/actualite\/arrete-pour-port-de-drapeau-amazigh-a-annaba-nadir-fetissi-acquitte-08-08-2019\">Cliquez ici pour lire l&rsquo;article depuis sa source.<\/a><\/p>\n","protected":false},"excerpt":{"rendered":"<p>Photo : DR \u00abLe tribunal d\u2019Annaba vient de prononcer un acquittement dans l\u2019affaire de M. Fetissi Nadir, avec la restitution des deux drapeaux amazighs\u00bb, a annonc\u00e9, aujourd\u2019hui jeudi, l\u2019avocat Kouceila Zerguine. Pour rappel, le procureur de la R\u00e9publique pr\u00e8s le tribunal de Annaba avait requis 10 ans de prison ferme contre Nadir Fetissi. Post Views: [&hellip;]<\/p>\n","protected":false},"author":1743,"featured_media":50910,"comment_status":"closed","ping_status":"closed","sticky":false,"template":"","format":"standard","meta":{"fifu_image_url":"","fifu_image_alt":"","footnotes":""},"categories":[73,53],"tags":[],"class_list":["post-50909","post","type-post","status-publish","format-standard","has-post-thumbnail","hentry","category-actualite","category-algerie"],"_links":{"self":[{"href":"https:\/\/linitiative.ca\/International\/wp-json\/wp\/v2\/posts\/50909","targetHints":{"allow":["GET"]}}],"collection":[{"href":"https:\/\/linitiative.ca\/International\/wp-json\/wp\/v2\/posts"}],"about":[{"href":"https:\/\/linitiative.ca\/International\/wp-json\/wp\/v2\/types\/post"}],"author":[{"embeddable":true,"href":"https:\/\/linitiative.ca\/International\/wp-json\/wp\/v2\/users\/1743"}],"replies":[{"embeddable":true,"href":"https:\/\/linitiative.ca\/International\/wp-json\/wp\/v2\/comments?post=50909"}],"version-history":[{"count":0,"href":"https:\/\/linitiative.ca\/International\/wp-json\/wp\/v2\/posts\/50909\/revisions"}],"wp:featuredmedia":[{"embeddable":true,"href":"https:\/\/linitiative.ca\/International\/wp-json\/"}],"wp:attachment":[{"href":"https:\/\/linitiative.ca\/International\/wp-json\/wp\/v2\/media?parent=50909"}],"wp:term":[{"taxonomy":"category","embeddable":true,"href":"https:\/\/linitiative.ca\/International\/wp-json\/wp\/v2\/categories?post=50909"},{"taxonomy":"post_tag","embeddable":true,"href":"https:\/\/linitiative.ca\/International\/wp-json\/wp\/v2\/tags?post=50909"}],"curies":[{"name":"wp","href":"https:\/\/api.w.org\/{rel}","templated":true}]}}