{"id":50915,"date":"2019-08-08T06:00:00","date_gmt":"2019-08-08T10:00:00","guid":{"rendered":"https:\/\/linitiative.ca\/International\/dani-alves-realise-un-reve-denfant-en-signant-a-sao-paulo\/"},"modified":"2019-08-08T06:00:00","modified_gmt":"2019-08-08T10:00:00","slug":"dani-alves-realise-un-reve-denfant-en-signant-a-sao-paulo","status":"publish","type":"post","link":"https:\/\/linitiative.ca\/International\/dani-alves-realise-un-reve-denfant-en-signant-a-sao-paulo\/","title":{"rendered":"Dani Alves r\u00e9alise \u00abun r\u00eave d&rsquo;enfant\u00bb en signant \u00e0 Sao Paulo"},"content":{"rendered":"<p>L&rsquo;international Br\u00e9silien Dani Alves, joueur le plus titr\u00e9 de l&rsquo;histoire du football, a r\u00e9alis\u00e9 \u00abun r\u00eave d&rsquo;enfant\u00bb en portant mardi pour la premi\u00e8re fois le maillot de Sao Paulo FC, son nouveau club. \u00abC&rsquo;est une \u00e9motion indescriptible, pour moi, de porter ce maillot. J&rsquo;ai r\u00eav\u00e9, enfant, de ce moment et il est arriv\u00e9\u00bb, a confi\u00e9 le d\u00e9fenseur de 36 ans lors de sa pr\u00e9sentation au stade Morumbi, devant 40 000 spectateurs. Pour son retour au Br\u00e9sil, les fans des \u00abTricolor\u00bb lui avaient r\u00e9serv\u00e9 un incroyable accueil, avec fumig\u00e8nes, danses et chants \u00e0 sa gloire. \u00abJe ne peux que dire qu&rsquo;ils (le club de Sao Paulo, NDLR) n&rsquo;engagent pas seulement un joueur, ils engagent un supporter, quelqu&rsquo;un qui \u00e9tait excit\u00e9 (en regardant) Rai, Diego Lugano, Kaka, Luis Fabiano&#8230;\u00bb, a expliqu\u00e9 celui qui a \u00e9t\u00e9 r\u00e9cemment \u00e9lu meilleur joueur de la Copa America. \u00abJe viens apporter mon exp\u00e9rience, mon travail, mes performances pour que Sao Paulo puisse aspirer \u00e0 de belles choses, \u00e0 des titres. C&rsquo;est pour \u00e7a que j&rsquo;ai pris la d\u00e9cision de revenir, de relever ce d\u00e9fi (&#8230;) je sais que c&rsquo;est un club qui a besoin de troph\u00e9es, il ne peut vivre si longtemps sans titres\u00bb, a assur\u00e9 Dani Alves, qui portera le maillot N.10, celui de son \u00abidole\u00bb Rai, un autre ancien du PSG. De la Ligue des champions (2009, 2011, 2015) \u00e0 la Copa America (2007, 2019) en passant par la Serie A (2017) et la Ligue 1 (2018, 2019), le lat\u00e9ral br\u00e9silien a remport\u00e9 40 troph\u00e9es. Il est consid\u00e9r\u00e9 comme le joueur le plus titr\u00e9 de l&rsquo;histoire. Mais, apr\u00e8s dix-sept saisons en Europe (S\u00e9ville FC, FC Barcelone, Juventus Turin, Paris Saint-Germain), le v\u00e9t\u00e9ran, libre depuis la fin de son contrat en juin, a d\u00e9cid\u00e9 de retourner au Br\u00e9sil en s&rsquo;engageant avec le Sao Paulo FC jusqu&rsquo;en d\u00e9cembre 2022. Sao Paulo, l&rsquo;ancien club des l\u00e9gendaires Rai et Rogerio Ceni, est actuellement 5e au classement du Championnat du Br\u00e9sil, apr\u00e8s douze journ\u00e9es. L&rsquo;\u00e9quipe est entra\u00een\u00e9e par Cuca et compte dans son effectif l&rsquo;attaquant Alexandre Pato, ancien joueur de l&rsquo;AC Milan.<\/p>\n<p>Auteur:<br \/>\n<a href=\"https:\/\/www.lesoirdalgerie.com\/sports\/dani-alves-realise-un-reve-denfant-en-signant-a-sao-paulo-28425\">Cliquez ici pour lire l&rsquo;article depuis sa source.<\/a><\/p>\n","protected":false},"excerpt":{"rendered":"<p>L&rsquo;international Br\u00e9silien Dani Alves, joueur le plus titr\u00e9 de l&rsquo;histoire du football, a r\u00e9alis\u00e9 \u00abun r\u00eave d&rsquo;enfant\u00bb en portant mardi pour la premi\u00e8re fois le maillot de Sao Paulo FC, son nouveau club. \u00abC&rsquo;est une \u00e9motion indescriptible, pour moi, de porter ce maillot. J&rsquo;ai r\u00eav\u00e9, enfant, de ce moment et il est arriv\u00e9\u00bb, a confi\u00e9 [&hellip;]<\/p>\n","protected":false},"author":1741,"featured_media":0,"comment_status":"closed","ping_status":"closed","sticky":false,"template":"","format":"standard","meta":{"fifu_image_url":"","fifu_image_alt":"","footnotes":""},"categories":[73,53],"tags":[],"class_list":["post-50915","post","type-post","status-publish","format-standard","hentry","category-actualite","category-algerie"],"_links":{"self":[{"href":"https:\/\/linitiative.ca\/International\/wp-json\/wp\/v2\/posts\/50915","targetHints":{"allow":["GET"]}}],"collection":[{"href":"https:\/\/linitiative.ca\/International\/wp-json\/wp\/v2\/posts"}],"about":[{"href":"https:\/\/linitiative.ca\/International\/wp-json\/wp\/v2\/types\/post"}],"author":[{"embeddable":true,"href":"https:\/\/linitiative.ca\/International\/wp-json\/wp\/v2\/users\/1741"}],"replies":[{"embeddable":true,"href":"https:\/\/linitiative.ca\/International\/wp-json\/wp\/v2\/comments?post=50915"}],"version-history":[{"count":0,"href":"https:\/\/linitiative.ca\/International\/wp-json\/wp\/v2\/posts\/50915\/revisions"}],"wp:attachment":[{"href":"https:\/\/linitiative.ca\/International\/wp-json\/wp\/v2\/media?parent=50915"}],"wp:term":[{"taxonomy":"category","embeddable":true,"href":"https:\/\/linitiative.ca\/International\/wp-json\/wp\/v2\/categories?post=50915"},{"taxonomy":"post_tag","embeddable":true,"href":"https:\/\/linitiative.ca\/International\/wp-json\/wp\/v2\/tags?post=50915"}],"curies":[{"name":"wp","href":"https:\/\/api.w.org\/{rel}","templated":true}]}}