{"id":50916,"date":"2019-08-08T06:00:00","date_gmt":"2019-08-08T10:00:00","guid":{"rendered":"https:\/\/linitiative.ca\/International\/drogba-envisage-de-presenter-sa-candidature\/"},"modified":"2019-08-08T06:00:00","modified_gmt":"2019-08-08T10:00:00","slug":"drogba-envisage-de-presenter-sa-candidature","status":"publish","type":"post","link":"https:\/\/linitiative.ca\/International\/drogba-envisage-de-presenter-sa-candidature\/","title":{"rendered":"Drogba envisage de pr\u00e9senter sa candidature"},"content":{"rendered":"<p>L&rsquo;ancien capitaine de l&rsquo;\u00e9quipe ivoirienne de football Didier Drogba r\u00e9fl\u00e9chit actuellement \u00e0 une candidature \u00e0 la t\u00eate de la F\u00e9d\u00e9ration ivoirienne (FIF) dont les \u00e9lections auront lieu en novembre prochain, rapporte mercredi l&rsquo;Equipe. Drogba (41 ans), qui vient de rejoindre la Conf\u00e9d\u00e9ration africaine de football (CAF) en tant que conseiller du pr\u00e9sident Ahmad Ahmad, pourrait \u00eatre candidat \u00e0 la pr\u00e9sidence de la FIF. Celle-ci est actuellement dirig\u00e9e par Augustin Sidy Diallo qui est contest\u00e9 par une majorit\u00e9 des dirigeants de club. L&rsquo;ancien attaquant vedette de l&rsquo;Olympique de Marseille et de Chelsea n&rsquo;\u00e9carterait pas totalement l&rsquo;id\u00e9e de se pr\u00e9senter, selon l&rsquo;Equipe. Drogba, qui est membre du comit\u00e9 directeur de Williamsville Athletic Club (Division 1 ivoirienne), devra vite se d\u00e9cider, puisque les \u00e9lections sont pr\u00e9vues en novembre. Il avait mis un terme \u00e0 sa carri\u00e8re internationale en ao\u00fbt 2014 (106 s\u00e9lections\/66 buts), soit \u00e0 l&rsquo;issue de la Coupe du monde disput\u00e9e au Br\u00e9sil. Quelques mois plus tard, la C\u00f4te d&rsquo;Ivoire s&rsquo;est adjug\u00e9e le titre continental \u00e0 la CAN-2015 disput\u00e9e en Guin\u00e9e-\u00e9quatoriale.<\/p>\n<p>Auteur:<br \/>\n<a href=\"https:\/\/www.lesoirdalgerie.com\/sports\/drogba-envisage-de-presenter-sa-candidature-28424\">Cliquez ici pour lire l&rsquo;article depuis sa source.<\/a><\/p>\n","protected":false},"excerpt":{"rendered":"<p>L&rsquo;ancien capitaine de l&rsquo;\u00e9quipe ivoirienne de football Didier Drogba r\u00e9fl\u00e9chit actuellement \u00e0 une candidature \u00e0 la t\u00eate de la F\u00e9d\u00e9ration ivoirienne (FIF) dont les \u00e9lections auront lieu en novembre prochain, rapporte mercredi l&rsquo;Equipe. Drogba (41 ans), qui vient de rejoindre la Conf\u00e9d\u00e9ration africaine de football (CAF) en tant que conseiller du pr\u00e9sident Ahmad Ahmad, pourrait [&hellip;]<\/p>\n","protected":false},"author":1741,"featured_media":0,"comment_status":"closed","ping_status":"closed","sticky":false,"template":"","format":"standard","meta":{"fifu_image_url":"","fifu_image_alt":"","footnotes":""},"categories":[73,53],"tags":[],"class_list":["post-50916","post","type-post","status-publish","format-standard","hentry","category-actualite","category-algerie"],"_links":{"self":[{"href":"https:\/\/linitiative.ca\/International\/wp-json\/wp\/v2\/posts\/50916","targetHints":{"allow":["GET"]}}],"collection":[{"href":"https:\/\/linitiative.ca\/International\/wp-json\/wp\/v2\/posts"}],"about":[{"href":"https:\/\/linitiative.ca\/International\/wp-json\/wp\/v2\/types\/post"}],"author":[{"embeddable":true,"href":"https:\/\/linitiative.ca\/International\/wp-json\/wp\/v2\/users\/1741"}],"replies":[{"embeddable":true,"href":"https:\/\/linitiative.ca\/International\/wp-json\/wp\/v2\/comments?post=50916"}],"version-history":[{"count":0,"href":"https:\/\/linitiative.ca\/International\/wp-json\/wp\/v2\/posts\/50916\/revisions"}],"wp:attachment":[{"href":"https:\/\/linitiative.ca\/International\/wp-json\/wp\/v2\/media?parent=50916"}],"wp:term":[{"taxonomy":"category","embeddable":true,"href":"https:\/\/linitiative.ca\/International\/wp-json\/wp\/v2\/categories?post=50916"},{"taxonomy":"post_tag","embeddable":true,"href":"https:\/\/linitiative.ca\/International\/wp-json\/wp\/v2\/tags?post=50916"}],"curies":[{"name":"wp","href":"https:\/\/api.w.org\/{rel}","templated":true}]}}