{"id":50918,"date":"2019-08-08T06:00:00","date_gmt":"2019-08-08T10:00:00","guid":{"rendered":"https:\/\/linitiative.ca\/International\/bale-encore-snobe-par-zidane-pour-le-prochain-match-amical\/"},"modified":"2019-08-08T06:00:00","modified_gmt":"2019-08-08T10:00:00","slug":"bale-encore-snobe-par-zidane-pour-le-prochain-match-amical","status":"publish","type":"post","link":"https:\/\/linitiative.ca\/International\/bale-encore-snobe-par-zidane-pour-le-prochain-match-amical\/","title":{"rendered":"Bale encore snob\u00e9 par Zidane pour le prochain match amical"},"content":{"rendered":"<p>Non retenu pour les deux derniers matchs amicaux de son \u00e9quipe, l&rsquo;attaquant du Real Madrid Gareth Bale a, de nouveau, \u00e9t\u00e9 \u00e9cart\u00e9 par Zin\u00e9dine Zidane du groupe qui devait affronter Salzbourg, mercredi en amical. Devenu ind\u00e9sirable aux yeux de son entra\u00eeneur, Bale n&rsquo;a disput\u00e9 que deux des cinq matchs de pr\u00e9paration de son club, en tant que rempla\u00e7ant face \u00e0 Arsenal puis face \u00e0 l&rsquo;Atl\u00e9tico Madrid. Zidane a clairement fait savoir que Bale, 30 ans, n&rsquo;entrait plus dans ses plans, dans l&rsquo;optique de rajeunir son \u00e9quipe, qui a v\u00e9cu une saison derni\u00e8re tr\u00e8s difficile. Egalement promis \u00e0 la vente, le milieu James Rodriguez et l&rsquo;attaquant Mariano Diaz n&rsquo;ont pas non plus \u00e9t\u00e9 retenus pour le d\u00e9placement en Autriche. Selon la presse, les Merengues ont la volont\u00e9 de faire signer le milieu de terrain fran\u00e7ais de Manchester United Paul Pogba. A d\u00e9faut, le g\u00e9ant espagnol pourrait \u00e9galement se tourner vers le Danois de Tottenham Christian Eriksen ou la r\u00e9v\u00e9lation de l&rsquo;Ajax Donny van de Beek. Mais le Real doit avant tout vendre, apr\u00e8s avoir d\u00e9j\u00e0 d\u00e9pens\u00e9 300 millions d&rsquo;euros cet \u00e9t\u00e9, dont 100 millions (hors bonus) pour enr\u00f4ler la star belge Eden Hazard. \u00abZidane est une honte, il n&rsquo;a aucun respect envers un joueur qui a tant donn\u00e9 pour le Real Madrid\u00bb, a indiqu\u00e9 \u00e0 l&rsquo;AFP l&rsquo;agent de l&rsquo;attaquant, Jonathan Barnett, tandis que l&rsquo;entra\u00eeneur fran\u00e7ais confiait le mois dernier que la vente de Bale serait \u00able mieux pour tout le monde\u00bb. Li\u00e9 au club espagnol jusqu&rsquo;en 2022 avec un salaire d&rsquo;environ 18 millions d&rsquo;euros annuels, l&rsquo;international gallois \u00e9tait tout proche, fin juillet, de signer en Chine au Jiangsu Suning, qui lui offrait trois ans de contrat pour un million d&rsquo;euros par semaine. Mais le Real a finalement annul\u00e9 la transaction, faute d&rsquo;accord entre les deux clubs sur l&rsquo;indemnit\u00e9 du transfert. Malgr\u00e9 l&rsquo;int\u00e9r\u00eat du Bayern Munich, le co\u00fbt de l&rsquo;attaquant freine les intentions bavaroises et il est de plus en probable que Bale soit toujours madril\u00e8ne \u00e0 la reprise de la Liga, le week-end prochain.<\/p>\n<p>Auteur:<br \/>\n<a href=\"https:\/\/www.lesoirdalgerie.com\/sports\/bale-encore-snobe-par-zidane-pour-le-prochain-match-amical-28422\">Cliquez ici pour lire l&rsquo;article depuis sa source.<\/a><\/p>\n","protected":false},"excerpt":{"rendered":"<p>Non retenu pour les deux derniers matchs amicaux de son \u00e9quipe, l&rsquo;attaquant du Real Madrid Gareth Bale a, de nouveau, \u00e9t\u00e9 \u00e9cart\u00e9 par Zin\u00e9dine Zidane du groupe qui devait affronter Salzbourg, mercredi en amical. Devenu ind\u00e9sirable aux yeux de son entra\u00eeneur, Bale n&rsquo;a disput\u00e9 que deux des cinq matchs de pr\u00e9paration de son club, en [&hellip;]<\/p>\n","protected":false},"author":1741,"featured_media":0,"comment_status":"closed","ping_status":"closed","sticky":false,"template":"","format":"standard","meta":{"fifu_image_url":"","fifu_image_alt":"","footnotes":""},"categories":[73,53],"tags":[],"class_list":["post-50918","post","type-post","status-publish","format-standard","hentry","category-actualite","category-algerie"],"_links":{"self":[{"href":"https:\/\/linitiative.ca\/International\/wp-json\/wp\/v2\/posts\/50918","targetHints":{"allow":["GET"]}}],"collection":[{"href":"https:\/\/linitiative.ca\/International\/wp-json\/wp\/v2\/posts"}],"about":[{"href":"https:\/\/linitiative.ca\/International\/wp-json\/wp\/v2\/types\/post"}],"author":[{"embeddable":true,"href":"https:\/\/linitiative.ca\/International\/wp-json\/wp\/v2\/users\/1741"}],"replies":[{"embeddable":true,"href":"https:\/\/linitiative.ca\/International\/wp-json\/wp\/v2\/comments?post=50918"}],"version-history":[{"count":0,"href":"https:\/\/linitiative.ca\/International\/wp-json\/wp\/v2\/posts\/50918\/revisions"}],"wp:attachment":[{"href":"https:\/\/linitiative.ca\/International\/wp-json\/wp\/v2\/media?parent=50918"}],"wp:term":[{"taxonomy":"category","embeddable":true,"href":"https:\/\/linitiative.ca\/International\/wp-json\/wp\/v2\/categories?post=50918"},{"taxonomy":"post_tag","embeddable":true,"href":"https:\/\/linitiative.ca\/International\/wp-json\/wp\/v2\/tags?post=50918"}],"curies":[{"name":"wp","href":"https:\/\/api.w.org\/{rel}","templated":true}]}}