{"id":50919,"date":"2019-08-08T06:00:00","date_gmt":"2019-08-08T10:00:00","guid":{"rendered":"https:\/\/linitiative.ca\/International\/lewandowski-demande-le-recrutement-de-trois-joueurs-de-plus\/"},"modified":"2019-08-08T06:00:00","modified_gmt":"2019-08-08T10:00:00","slug":"lewandowski-demande-le-recrutement-de-trois-joueurs-de-plus","status":"publish","type":"post","link":"https:\/\/linitiative.ca\/International\/lewandowski-demande-le-recrutement-de-trois-joueurs-de-plus\/","title":{"rendered":"Lewandowski demande le recrutement de \u00abtrois joueurs de plus\u00bb"},"content":{"rendered":"<p>Le buteur du Bayern Munich Robert Lewandowski r\u00e9clame au moins \u00abtrois joueurs\u00bb de plus \u00e0 ses dirigeants pour la saison qui d\u00e9bute, soulignant notamment que les d\u00e9parts en attaque de Robben et Rib\u00e9ry n&rsquo;ont pas \u00e9t\u00e9 compens\u00e9s.<br \/>\u00abEn attaque, nous avons perdu trois joueurs avec Franck Rib\u00e9ry, Arjen Robben et James. Et, pour l&rsquo;instant, nous n&rsquo;avons aucune nouvelle recrue pour ces postes\u00bb, dit au quotidien Sport Bild la star polonaise, qui n&rsquo;a jamais h\u00e9sit\u00e9 \u00e0 s&rsquo;exprimer dans le pass\u00e9 lorsqu&rsquo;il trouvait que le club n&rsquo;\u00e9tait pas assez ambitieux dans son recrutement. Pour l&rsquo;heure, le Bayern s&rsquo;est renforc\u00e9 en d\u00e9fense avec les champions du monde fran\u00e7ais Lucas Hernandez et Benjamin Pavard et a recrut\u00e9 le prometteur attaquant Jann-Fiete Arp, 19 ans (Hambourg). Le club bavarois tente depuis des semaines d&rsquo;attirer l&rsquo;international allemand de Manchester City Leroy San\u00e9 mais aucune annonce n&rsquo;a encore \u00e9t\u00e9 faite. \u00abM\u00eame si San\u00e9 vient, nous avons besoin d&rsquo;un autre ailier\u00bb pour \u00e9pauler la paire Serge Gnabry-Kingsley Coman, mart\u00e8le l&rsquo;attaquant de 30 ans, qui estime \u00e9galement qu&rsquo;un milieu d\u00e9fensif ou un milieu offensif\u00bb seraient les bienvenus. Le onze de base du Bayern est, certes, compos\u00e9 d&rsquo;internationaux de classe mais, apr\u00e8s les d\u00e9parts de l&rsquo;\u00e9t\u00e9, le banc est d\u00e9sormais tr\u00e8s peu profond. \u00abJouer toute une saison avec 13 ou 14 professionnels exp\u00e9riment\u00e9s, \u00e7a va \u00eatre dur\u00bb, pr\u00e9vient Lewandowski, \u00abnous avons 50 ou 60 matchs, il ne faut pas seulement penser \u00e0 la semaine prochaine mais \u00e0 trois, quatre, cinq ou six mois. Et pour cela, nous n&rsquo;avons pas assez de joueurs. Hoeness et Rummenigge connaissent mon opinion\u00bb. Uli Hoeness, pr\u00e9sident du club, et Karl-Heinz Rummenigge, sa cheville ouvri\u00e8re, ont promis que l&rsquo;\u00e9quipe serait de nouveau arm\u00e9e cette saison pour poursuivre ses objectifs habituels : le doubl\u00e9 national coupe-championnat et la Ligue des champions.<\/p>\n<p>Auteur:<br \/>\n<a href=\"https:\/\/www.lesoirdalgerie.com\/sports\/lewandowski-demande-le-recrutement-de-trois-joueurs-de-plus-28421\">Cliquez ici pour lire l&rsquo;article depuis sa source.<\/a><\/p>\n","protected":false},"excerpt":{"rendered":"<p>Le buteur du Bayern Munich Robert Lewandowski r\u00e9clame au moins \u00abtrois joueurs\u00bb de plus \u00e0 ses dirigeants pour la saison qui d\u00e9bute, soulignant notamment que les d\u00e9parts en attaque de Robben et Rib\u00e9ry n&rsquo;ont pas \u00e9t\u00e9 compens\u00e9s.\u00abEn attaque, nous avons perdu trois joueurs avec Franck Rib\u00e9ry, Arjen Robben et James. Et, pour l&rsquo;instant, nous n&rsquo;avons [&hellip;]<\/p>\n","protected":false},"author":1741,"featured_media":0,"comment_status":"closed","ping_status":"closed","sticky":false,"template":"","format":"standard","meta":{"fifu_image_url":"","fifu_image_alt":"","footnotes":""},"categories":[73,53],"tags":[],"class_list":["post-50919","post","type-post","status-publish","format-standard","hentry","category-actualite","category-algerie"],"_links":{"self":[{"href":"https:\/\/linitiative.ca\/International\/wp-json\/wp\/v2\/posts\/50919","targetHints":{"allow":["GET"]}}],"collection":[{"href":"https:\/\/linitiative.ca\/International\/wp-json\/wp\/v2\/posts"}],"about":[{"href":"https:\/\/linitiative.ca\/International\/wp-json\/wp\/v2\/types\/post"}],"author":[{"embeddable":true,"href":"https:\/\/linitiative.ca\/International\/wp-json\/wp\/v2\/users\/1741"}],"replies":[{"embeddable":true,"href":"https:\/\/linitiative.ca\/International\/wp-json\/wp\/v2\/comments?post=50919"}],"version-history":[{"count":0,"href":"https:\/\/linitiative.ca\/International\/wp-json\/wp\/v2\/posts\/50919\/revisions"}],"wp:attachment":[{"href":"https:\/\/linitiative.ca\/International\/wp-json\/wp\/v2\/media?parent=50919"}],"wp:term":[{"taxonomy":"category","embeddable":true,"href":"https:\/\/linitiative.ca\/International\/wp-json\/wp\/v2\/categories?post=50919"},{"taxonomy":"post_tag","embeddable":true,"href":"https:\/\/linitiative.ca\/International\/wp-json\/wp\/v2\/tags?post=50919"}],"curies":[{"name":"wp","href":"https:\/\/api.w.org\/{rel}","templated":true}]}}