{"id":50920,"date":"2019-08-08T06:00:00","date_gmt":"2019-08-08T10:00:00","guid":{"rendered":"https:\/\/linitiative.ca\/International\/fares-vers-linter-milan-ou-latalanta\/"},"modified":"2019-08-08T06:00:00","modified_gmt":"2019-08-08T10:00:00","slug":"fares-vers-linter-milan-ou-latalanta","status":"publish","type":"post","link":"https:\/\/linitiative.ca\/International\/fares-vers-linter-milan-ou-latalanta\/","title":{"rendered":"Far\u00e8s vers l&rsquo;Inter Milan ou l&rsquo;Atalanta"},"content":{"rendered":"<p>Le d\u00e9fenseur international alg\u00e9rien Mohamed Far\u00e8s pourrait rejoindre l&rsquo;Inter Milan ou l&rsquo;Atalanta Bergame, deux clubs de Serie A, en provenance de l&rsquo;autre club italien de La SPAL, selon son entra\u00eeneur Leonardo Semplici. Ce dernier a d\u00e9clar\u00e9 au site du journal La Gazzetta dello Sport que le lat\u00e9ral gauche alg\u00e9rien est dans le viseur des deux clubs lombards qui veulent renforcer leurs lignes d\u00e9fensives par des joueurs de m\u00e9tier. \u00abFar\u00e8s pourrait aller \u00e0 l&rsquo;Inter ou \u00e0 l\u2019Atalanta\u00bb, a-t-il indiqu\u00e9, ajoutant que les responsables de l&rsquo;Inter Milan sont \u00e0 la recherche d&rsquo;un arri\u00e8re gauche depuis plusieurs semaines et le coach Antonio Conte aurait clairement signifi\u00e9 \u00e0 ses dirigeants qu&rsquo;il voulait un nouveau joueur \u00e0 ce poste. La sortie m\u00e9diatique du coach italien de La SPAL confirme que le d\u00e9fenseur alg\u00e9rien ne continuerait pas l&rsquo;aventure au sein du club de Ferrare, a ajout\u00e9 la m\u00eame source. Mohamed Far\u00e8s, 23 ans et r\u00e9cent champion d&rsquo;Afrique avec la s\u00e9lection alg\u00e9rienne en Egypte, s&rsquo;\u00e9tait engag\u00e9 en juin 2018 avec La SPAL en provenance de l&rsquo;Hellas V\u00e9rone, apr\u00e8s la rel\u00e9gation de ce dernier en Serie B. Depuis, l&rsquo;Alg\u00e9rien a disput\u00e9 36 matchs et inscrit 3 buts. En \u00e9quipe nationale, Far\u00e8s a honor\u00e9 sa premi\u00e8re s\u00e9lection en octobre 2017 contre le Cameroun (0-2) pour le compte des \u00e9liminatoires du Mondial-2018.<\/p>\n<p>Auteur:<br \/>\n<a href=\"https:\/\/www.lesoirdalgerie.com\/sports\/fares-vers-linter-milan-ou-latalanta-28420\">Cliquez ici pour lire l&rsquo;article depuis sa source.<\/a><\/p>\n","protected":false},"excerpt":{"rendered":"<p>Le d\u00e9fenseur international alg\u00e9rien Mohamed Far\u00e8s pourrait rejoindre l&rsquo;Inter Milan ou l&rsquo;Atalanta Bergame, deux clubs de Serie A, en provenance de l&rsquo;autre club italien de La SPAL, selon son entra\u00eeneur Leonardo Semplici. Ce dernier a d\u00e9clar\u00e9 au site du journal La Gazzetta dello Sport que le lat\u00e9ral gauche alg\u00e9rien est dans le viseur des deux [&hellip;]<\/p>\n","protected":false},"author":1741,"featured_media":0,"comment_status":"closed","ping_status":"closed","sticky":false,"template":"","format":"standard","meta":{"fifu_image_url":"","fifu_image_alt":"","footnotes":""},"categories":[73,53],"tags":[],"class_list":["post-50920","post","type-post","status-publish","format-standard","hentry","category-actualite","category-algerie"],"_links":{"self":[{"href":"https:\/\/linitiative.ca\/International\/wp-json\/wp\/v2\/posts\/50920","targetHints":{"allow":["GET"]}}],"collection":[{"href":"https:\/\/linitiative.ca\/International\/wp-json\/wp\/v2\/posts"}],"about":[{"href":"https:\/\/linitiative.ca\/International\/wp-json\/wp\/v2\/types\/post"}],"author":[{"embeddable":true,"href":"https:\/\/linitiative.ca\/International\/wp-json\/wp\/v2\/users\/1741"}],"replies":[{"embeddable":true,"href":"https:\/\/linitiative.ca\/International\/wp-json\/wp\/v2\/comments?post=50920"}],"version-history":[{"count":0,"href":"https:\/\/linitiative.ca\/International\/wp-json\/wp\/v2\/posts\/50920\/revisions"}],"wp:attachment":[{"href":"https:\/\/linitiative.ca\/International\/wp-json\/wp\/v2\/media?parent=50920"}],"wp:term":[{"taxonomy":"category","embeddable":true,"href":"https:\/\/linitiative.ca\/International\/wp-json\/wp\/v2\/categories?post=50920"},{"taxonomy":"post_tag","embeddable":true,"href":"https:\/\/linitiative.ca\/International\/wp-json\/wp\/v2\/tags?post=50920"}],"curies":[{"name":"wp","href":"https:\/\/api.w.org\/{rel}","templated":true}]}}