{"id":50921,"date":"2019-08-08T06:00:00","date_gmt":"2019-08-08T10:00:00","guid":{"rendered":"https:\/\/linitiative.ca\/International\/une-offre-de-10-millions-deuros-pour-bensebaini\/"},"modified":"2019-08-08T06:00:00","modified_gmt":"2019-08-08T10:00:00","slug":"une-offre-de-10-millions-deuros-pour-bensebaini","status":"publish","type":"post","link":"https:\/\/linitiative.ca\/International\/une-offre-de-10-millions-deuros-pour-bensebaini\/","title":{"rendered":"Une offre de 10 millions d&rsquo;euros pour Benseba\u00efni"},"content":{"rendered":"<p>Les Allemands du Borussia Monchengladbach ont formul\u00e9 une offre de 10 millions d&rsquo;euros pour attirer en Bundesliga l&rsquo;international alg\u00e9rien de Rennes (France), Ramy Benseba\u00efni, ont rapport\u00e9 des m\u00e9dias. \u00abLa direction du club de Bundesliga aurait offert 10 millions d&rsquo;euros aux responsables du Stade rennais pour conclure le transfert de l&rsquo;international alg\u00e9rien Ramy Benseba\u00efni lors de ce mercato d&rsquo;\u00e9t\u00e9. Le montant s\u2019approcherait de la somme r\u00e9clam\u00e9e par le club rouge et noir pour lib\u00e9rer son joueur\u00bb, selon le site footmercato.net. Gladbach voudrait s\u2019offrir les services d\u2019un joueur aussi bien capable de jouer en d\u00e9fense centrale qu&rsquo;en sentinelle ou comme plus r\u00e9cemment au poste de lat\u00e9ral gauche. Le club allemand a offert aussi un salaire \u00ab\u00e9norme\u00bb \u00e0 Benseba\u00efni, dont le contrat avec le Stade rennais prend fin dans un an, selon la m\u00eame source. Pour l&rsquo;heure, le champion d&rsquo;Afrique alg\u00e9rien serait en pleine r\u00e9flexion quant \u00e0 la suite \u00e0 donner \u00e0 sa carri\u00e8re. Footmercato informe aussi que le FC S\u00e9ville a tent\u00e9 sa chance aupr\u00e8s de Rennes, mais la proposition faite par le club espagnol n\u2019a clairement pas \u00e9t\u00e9 \u00e0 la hauteur des attentes de la direction bretonne. Le joueur form\u00e9 \u00e0 Paradou a r\u00e9alis\u00e9 la saison la plus aboutie de sa carri\u00e8re, que ce soit en Ligue 1, en Ligue Europa et surtout en Coupes de France et d&rsquo;Afrique qu&rsquo;il a remport\u00e9es.<\/p>\n<p>Auteur:<br \/>\n<a href=\"https:\/\/www.lesoirdalgerie.com\/sports\/une-offre-de-10-millions-deuros-pour-bensebaini-28419\">Cliquez ici pour lire l&rsquo;article depuis sa source.<\/a><\/p>\n","protected":false},"excerpt":{"rendered":"<p>Les Allemands du Borussia Monchengladbach ont formul\u00e9 une offre de 10 millions d&rsquo;euros pour attirer en Bundesliga l&rsquo;international alg\u00e9rien de Rennes (France), Ramy Benseba\u00efni, ont rapport\u00e9 des m\u00e9dias. \u00abLa direction du club de Bundesliga aurait offert 10 millions d&rsquo;euros aux responsables du Stade rennais pour conclure le transfert de l&rsquo;international alg\u00e9rien Ramy Benseba\u00efni lors de [&hellip;]<\/p>\n","protected":false},"author":1741,"featured_media":0,"comment_status":"closed","ping_status":"closed","sticky":false,"template":"","format":"standard","meta":{"fifu_image_url":"","fifu_image_alt":"","footnotes":""},"categories":[73,53],"tags":[],"class_list":["post-50921","post","type-post","status-publish","format-standard","hentry","category-actualite","category-algerie"],"_links":{"self":[{"href":"https:\/\/linitiative.ca\/International\/wp-json\/wp\/v2\/posts\/50921","targetHints":{"allow":["GET"]}}],"collection":[{"href":"https:\/\/linitiative.ca\/International\/wp-json\/wp\/v2\/posts"}],"about":[{"href":"https:\/\/linitiative.ca\/International\/wp-json\/wp\/v2\/types\/post"}],"author":[{"embeddable":true,"href":"https:\/\/linitiative.ca\/International\/wp-json\/wp\/v2\/users\/1741"}],"replies":[{"embeddable":true,"href":"https:\/\/linitiative.ca\/International\/wp-json\/wp\/v2\/comments?post=50921"}],"version-history":[{"count":0,"href":"https:\/\/linitiative.ca\/International\/wp-json\/wp\/v2\/posts\/50921\/revisions"}],"wp:attachment":[{"href":"https:\/\/linitiative.ca\/International\/wp-json\/wp\/v2\/media?parent=50921"}],"wp:term":[{"taxonomy":"category","embeddable":true,"href":"https:\/\/linitiative.ca\/International\/wp-json\/wp\/v2\/categories?post=50921"},{"taxonomy":"post_tag","embeddable":true,"href":"https:\/\/linitiative.ca\/International\/wp-json\/wp\/v2\/tags?post=50921"}],"curies":[{"name":"wp","href":"https:\/\/api.w.org\/{rel}","templated":true}]}}