{"id":50922,"date":"2019-08-08T06:00:00","date_gmt":"2019-08-08T10:00:00","guid":{"rendered":"https:\/\/linitiative.ca\/International\/pas-de-nouvelles-recrues-pour-les-clubs-endettes\/"},"modified":"2019-08-08T06:00:00","modified_gmt":"2019-08-08T10:00:00","slug":"pas-de-nouvelles-recrues-pour-les-clubs-endettes","status":"publish","type":"post","link":"https:\/\/linitiative.ca\/International\/pas-de-nouvelles-recrues-pour-les-clubs-endettes\/","title":{"rendered":"Pas de nouvelles recrues pour les clubs endett\u00e9s"},"content":{"rendered":"<p>C\u2019est aujourd\u2019hui, jeudi 8 ao\u00fbt, \u00e0 minuit, que prendra fin la premi\u00e8re p\u00e9riode de transfert. Pendant cette p\u00e9riode de mercato estival, les clubs ont essay\u00e9 de faire le plein avec le recrutement de plusieurs joueurs, \u00e0 la limite de l\u2019effectif autoris\u00e9 par les r\u00e8glements des championnats professionnels. Pour les Ligues 1 et 2, la F\u00e9d\u00e9ration alg\u00e9rienne de football (FAF) rappelle que les clubs endett\u00e9s, interdits de recrutement, sont par ailleurs dans l\u2019obligation d\u2019assainir leur situation financi\u00e8re avant aujourd\u2019hui, jeudi 8 ao\u00fbt \u00e0 minuit. D\u00e9pass\u00e9 ce d\u00e9lai, les clubs n\u2019ayant pas pu assainir leur situation ne pourront pas b\u00e9n\u00e9ficier des licences de leurs nouveaux joueurs engag\u00e9s pour la saison 2019-2020. C\u2019est dire que les clubs encore endett\u00e9s sont appel\u00e9s \u00e0 \u00e9ponger leurs dettes ; faute de quoi, les dossiers des nouvelles recrues seront rejet\u00e9s au niveau de la Ligue de football professionnel (LFP), comme ce fut le cas la saison derni\u00e8re pour certains clubs comme le CR Belouizdad et encore l\u2019USM El-Harrach. Cette saison, ils sont encore nombreux les clubs qui sont sous la menace de cette pratique.<br \/>Ah. A.<\/p>\n<p>Auteur:<br \/>\n<a href=\"https:\/\/www.lesoirdalgerie.com\/sports\/pas-de-nouvelles-recrues-pour-les-clubs-endettes-28418\">Cliquez ici pour lire l&rsquo;article depuis sa source.<\/a><\/p>\n","protected":false},"excerpt":{"rendered":"<p>C\u2019est aujourd\u2019hui, jeudi 8 ao\u00fbt, \u00e0 minuit, que prendra fin la premi\u00e8re p\u00e9riode de transfert. Pendant cette p\u00e9riode de mercato estival, les clubs ont essay\u00e9 de faire le plein avec le recrutement de plusieurs joueurs, \u00e0 la limite de l\u2019effectif autoris\u00e9 par les r\u00e8glements des championnats professionnels. Pour les Ligues 1 et 2, la F\u00e9d\u00e9ration [&hellip;]<\/p>\n","protected":false},"author":1741,"featured_media":0,"comment_status":"closed","ping_status":"closed","sticky":false,"template":"","format":"standard","meta":{"fifu_image_url":"","fifu_image_alt":"","footnotes":""},"categories":[73,53],"tags":[],"class_list":["post-50922","post","type-post","status-publish","format-standard","hentry","category-actualite","category-algerie"],"_links":{"self":[{"href":"https:\/\/linitiative.ca\/International\/wp-json\/wp\/v2\/posts\/50922","targetHints":{"allow":["GET"]}}],"collection":[{"href":"https:\/\/linitiative.ca\/International\/wp-json\/wp\/v2\/posts"}],"about":[{"href":"https:\/\/linitiative.ca\/International\/wp-json\/wp\/v2\/types\/post"}],"author":[{"embeddable":true,"href":"https:\/\/linitiative.ca\/International\/wp-json\/wp\/v2\/users\/1741"}],"replies":[{"embeddable":true,"href":"https:\/\/linitiative.ca\/International\/wp-json\/wp\/v2\/comments?post=50922"}],"version-history":[{"count":0,"href":"https:\/\/linitiative.ca\/International\/wp-json\/wp\/v2\/posts\/50922\/revisions"}],"wp:attachment":[{"href":"https:\/\/linitiative.ca\/International\/wp-json\/wp\/v2\/media?parent=50922"}],"wp:term":[{"taxonomy":"category","embeddable":true,"href":"https:\/\/linitiative.ca\/International\/wp-json\/wp\/v2\/categories?post=50922"},{"taxonomy":"post_tag","embeddable":true,"href":"https:\/\/linitiative.ca\/International\/wp-json\/wp\/v2\/tags?post=50922"}],"curies":[{"name":"wp","href":"https:\/\/api.w.org\/{rel}","templated":true}]}}