{"id":50924,"date":"2019-08-08T06:00:00","date_gmt":"2019-08-08T10:00:00","guid":{"rendered":"https:\/\/linitiative.ca\/International\/abeid-les-moments-vecus-avec-les-verts-sont-inoubliables\/"},"modified":"2019-08-08T06:00:00","modified_gmt":"2019-08-08T10:00:00","slug":"abeid-les-moments-vecus-avec-les-verts-sont-inoubliables","status":"publish","type":"post","link":"https:\/\/linitiative.ca\/International\/abeid-les-moments-vecus-avec-les-verts-sont-inoubliables\/","title":{"rendered":"Abeid : \u00ables moments v\u00e9cus avec les Verts sont inoubliables\u00bb"},"content":{"rendered":"<p>Le milieu international alg\u00e9rien Mehdi Abeid, nouveau soci\u00e9taire du FC Nantes (France), n&rsquo;est pas encore remis de la joie que lui a procur\u00e9e son aventure en s\u00e9lection nationale avec laquelle il a pass\u00e9 des moments \u00abinoubliables\u00bb, ponctu\u00e9s par le titre de champion d&rsquo;Afrique \u00e0 la CAN-2019 en Egypte.<br \/>\u00abC&rsquo;est plus qu&rsquo;un r\u00eave r\u00e9alis\u00e9, avec ce sacre en Coupe d&rsquo;Afrique des Nations sous le maillot de l&rsquo;Alg\u00e9rie. Il n&rsquo;y a rien de similaire que de gagner avec sa nation. C&rsquo;est une \u00e9norme satisfaction et ce sont des moments que je n&rsquo;oublierai jamais dans ma vie\u00bb, a d\u00e9clar\u00e9 Mehdi Abeid dans un long entretien au site du FC Nantes avec lequel il s&rsquo;est engag\u00e9 pour trois saisons. Arriv\u00e9 libre en provenance de Dijon, Mehdi Abeid (27 ans) compte un peu plus de 200 matchs en tant que professionnel, dont 73 en Ligue 1 sous le maillot bourguignon.<br \/>Il est arriv\u00e9 \u00e0 Nantes pour relever un nouveau d\u00e9fi et portera avec sa nouvelle \u00e9quipe le num\u00e9ro onze. L&rsquo;international alg\u00e9rien a assur\u00e9 qu&rsquo;il est arriv\u00e9 chez les \u00abVert et Jaune\u00bb avec de tr\u00e8s bonnes intentions et il essayera toujours de donner le maximum de lui. \u00abJe ne me fixe pas forc\u00e9ment d&rsquo;objectifs pour la saison. Durant ma carri\u00e8re, j&rsquo;ai pu acqu\u00e9rir une certaine exp\u00e9rience en jouant dans de grands clubs mais aussi en vivant de grands moments avec la s\u00e9lection. Tous ces instants m&rsquo;ont fait grandir en tant que footballeur mais aussi en tant qu&rsquo;homme. Je suis aussi l\u00e0 pour aider les plus jeunes et leur montrer la voie\u00bb, a-t-il indiqu\u00e9. Au FC Nantes, Mehdi Abeid va retrouver des joueurs qu&rsquo;il a connus et c\u00f4toy\u00e9s auparavant et qui lui ont prodigu\u00e9 beaucoup de conseils pour lui faciliter l&rsquo;int\u00e9gration dans le groupe. \u00abJe connaissais pas mal de joueurs au FC Nantes qui ont confort\u00e9 mon choix. Des joueurs avec lesquels j&rsquo;ai \u00e9volu\u00e9 dans le pass\u00e9 avec les \u00e9quipes de France jeunes (Dennis Appiah), o\u00f9 ceux qui \u00e9taient des co\u00e9quipiers en Gr\u00e8ce, au Panathina\u00efkos (Lucas Evangelista)\u00bb, a expliqu\u00e9 l&rsquo;Alg\u00e9rien, assurant qu&rsquo;il n&rsquo;arrivait pas en terre inconnue et qu&rsquo;il a \u00e9t\u00e9 \u00abvraiment bien accueilli\u00bb.<\/p>\n<p>Auteur:<br \/>\n<a href=\"https:\/\/www.lesoirdalgerie.com\/sports\/abeid-les-moments-vecus-avec-les-verts-sont-inoubliables-28416\">Cliquez ici pour lire l&rsquo;article depuis sa source.<\/a><\/p>\n","protected":false},"excerpt":{"rendered":"<p>Le milieu international alg\u00e9rien Mehdi Abeid, nouveau soci\u00e9taire du FC Nantes (France), n&rsquo;est pas encore remis de la joie que lui a procur\u00e9e son aventure en s\u00e9lection nationale avec laquelle il a pass\u00e9 des moments \u00abinoubliables\u00bb, ponctu\u00e9s par le titre de champion d&rsquo;Afrique \u00e0 la CAN-2019 en Egypte.\u00abC&rsquo;est plus qu&rsquo;un r\u00eave r\u00e9alis\u00e9, avec ce sacre [&hellip;]<\/p>\n","protected":false},"author":1741,"featured_media":0,"comment_status":"closed","ping_status":"closed","sticky":false,"template":"","format":"standard","meta":{"fifu_image_url":"","fifu_image_alt":"","footnotes":""},"categories":[73,53],"tags":[],"class_list":["post-50924","post","type-post","status-publish","format-standard","hentry","category-actualite","category-algerie"],"_links":{"self":[{"href":"https:\/\/linitiative.ca\/International\/wp-json\/wp\/v2\/posts\/50924","targetHints":{"allow":["GET"]}}],"collection":[{"href":"https:\/\/linitiative.ca\/International\/wp-json\/wp\/v2\/posts"}],"about":[{"href":"https:\/\/linitiative.ca\/International\/wp-json\/wp\/v2\/types\/post"}],"author":[{"embeddable":true,"href":"https:\/\/linitiative.ca\/International\/wp-json\/wp\/v2\/users\/1741"}],"replies":[{"embeddable":true,"href":"https:\/\/linitiative.ca\/International\/wp-json\/wp\/v2\/comments?post=50924"}],"version-history":[{"count":0,"href":"https:\/\/linitiative.ca\/International\/wp-json\/wp\/v2\/posts\/50924\/revisions"}],"wp:attachment":[{"href":"https:\/\/linitiative.ca\/International\/wp-json\/wp\/v2\/media?parent=50924"}],"wp:term":[{"taxonomy":"category","embeddable":true,"href":"https:\/\/linitiative.ca\/International\/wp-json\/wp\/v2\/categories?post=50924"},{"taxonomy":"post_tag","embeddable":true,"href":"https:\/\/linitiative.ca\/International\/wp-json\/wp\/v2\/tags?post=50924"}],"curies":[{"name":"wp","href":"https:\/\/api.w.org\/{rel}","templated":true}]}}