{"id":50925,"date":"2019-08-08T04:00:39","date_gmt":"2019-08-08T08:00:39","guid":{"rendered":"https:\/\/linitiative.ca\/International\/lespagnol-endesa-renonce-a-ses-ambitions-au-maroc\/"},"modified":"2019-08-08T04:00:39","modified_gmt":"2019-08-08T08:00:39","slug":"lespagnol-endesa-renonce-a-ses-ambitions-au-maroc","status":"publish","type":"post","link":"https:\/\/linitiative.ca\/International\/lespagnol-endesa-renonce-a-ses-ambitions-au-maroc\/","title":{"rendered":"L\u2019espagnol Endesa renonce \u00e0 ses ambitions au Maroc"},"content":{"rendered":"<p><strong>Le leader dans la p\u00e9ninsule ib\u00e9rique est en train de faire marche arri\u00e8re, alors que le march\u00e9 marocain semble repr\u00e9senter pour lui une expansion naturelle.<\/strong><\/p>\n<div class=\"c10\"\/>\n<p>L\u2019espagnol Endesa est-il en train de faire un trait sur ses ambitions de se lancer dans les <strong>\u00e9nergies renouvelables<\/strong> (ENR) au Maroc\u00a0? Tout semble croire que oui, quatre ans \u00e0 peine apr\u00e8s y avoir plant\u00e9 son \u00e9tendard \u00e0 travers Endesa Generacion Morocco.<\/p>\n<p>En effet, l\u2019\u00e9nerg\u00e9ticien leader dans la p\u00e9ninsule ib\u00e9rique vient de liquider sa filiale marocaine cr\u00e9\u00e9e en avril 2016 et qui \u00e9tait cens\u00e9e d\u00e9velopper des projets de production d\u2019<strong>\u00e9lectricit\u00e9<\/strong> \u00e0 base d\u2019ENR. Une campagne de recrutement de plusieurs experts locaux de la fili\u00e8re des \u00e9nergies vertes avait m\u00eame \u00e9t\u00e9 men\u00e9e en 2017 \u00e0 cet effet ! Pourquoi donc un tel revirement alors que le march\u00e9 marocain semble \u00eatre une expansion naturelle pour le groupe Endesa\u00a0?<\/p>\n<p>Lire aussi : <a href=\"https:\/\/www.challenge.ma\/le-francais-innovent-leve-200-millions-de-dh-pour-sa-ferme-eolienne-de-oualidia-107488\/\" target=\"_blank\" rel=\"noreferrer noopener\" aria-label=\"Le fran\u00e7ais Innovent l\u00e8ve 200 millions de DH pour sa ferme \u00e9olienne \u00e0 Oualidia (s\u2019ouvre dans un nouvel onglet)\">Le fran\u00e7ais Innovent l\u00e8ve 200 millions de DH pour sa ferme \u00e9olienne \u00e0 Oualidia<\/a><\/p>\n<p>Il faut peut-\u00eatre trouver un d\u00e9but de r\u00e9ponse dans les limites du cadre r\u00e9glementaire actuel qui r\u00e9git la production priv\u00e9e de l\u2019\u00e9lectricit\u00e9 \u00e0 base d\u2019ENR en dehors des projets conc\u00e9d\u00e9s par l\u2019ONEE en mode Build Own and Transfer (BOT).\u00a0En effet, comme nous l\u2019avons indiqu\u00e9 \u00e0 plusieurs reprises sur ces colonnes, la loi 13-09 qui a act\u00e9, d\u00e8s 2011, la lib\u00e9ralisation du secteur de l\u2019\u00e9lectricit\u00e9 verte au <strong>Maroc<\/strong> et celle qui l\u2019a compl\u00e9t\u00e9e en 2016 (en l\u2019occurrence la loi 58-15), ont \u00e9t\u00e9 jusqu\u2019\u00e0 pr\u00e9sent un \u00e9chec \u00e0 cause des d\u00e9lais effroyablement longs du process de \u00ab\u00a0permitting\u00a0\u00bb (cycle allant des premi\u00e8res \u00e9tudes pr\u00e9liminaires jusqu\u2019\u00e0 la concession d\u00e9finitive et le permis de construction), mais aussi de l\u2019incapacit\u00e9 manifeste du gouvernement \u00e0 sortir les textes d\u2019application n\u00e9cessaires sans lesquelles la rentabilisation d\u2019une large partie des projets d\u2019ENR n\u2019est qu\u2019un v\u0153u pieu (Voir dossier du 05 juin 2018 \u00ab\u00a0<a href=\"https:\/\/www.challenge.ma\/loi-13-09-rendez-rate-liberalisation-96968\/\" target=\"_blank\" rel=\"noreferrer noopener\" aria-label=\"La Loi 13-09 : un rendez-vous rat\u00e9 avec la lib\u00e9ralisation (s\u2019ouvre dans un nouvel onglet)\">La Loi 13-09 : un rendez-vous rat\u00e9 avec la lib\u00e9ralisation<\/a>\u00ab\u00a0). L\u2019acteur ib\u00e9rique, contr\u00f4l\u00e9 par le groupe italien ENEL, ne serait d\u2019ailleurs pas le premier acteur \u00e9tranger \u00e0 avoir jet\u00e9 l\u2019\u00e9ponge au Maroc apr\u00e8s des espoirs d\u00e9\u00e7us, ou encore \u00e0 y perdre patience dans le sillage d\u2019un embourbement de longue dur\u00e9e dans les m\u00e9andres administratifs \u00e0 l\u2019instar du leader mondial EDF dont le bilan au Maroc en mati\u00e8re d\u2019ENR est encore vierge sept ans apr\u00e8s avoir cr\u00e9\u00e9 EDF Maroc.\u00a0\u00a0<\/p>\n<p>Rappelons qu\u2019<strong>ENDESA<\/strong> garde, par ailleurs, un pied au Maroc dans la production \u00e9lectrique conventionnelle \u00e0 travers sa participation \u00e0 32% dans le capital de la centrale thermique de Tahaddart (pr\u00e8s d\u2019Asilah) qui subvient \u00e0 7% de la consommation nationale d\u2019\u00e9lectricit\u00e9 et dont l\u2019ONEE devrait se d\u00e9sengager bient\u00f4t en mettant en cession son bloc de 48% dans le cadre des privatisations annonc\u00e9es par la Loi de Finances 2019.<\/p>\n<div class=\"c17\">\n<fieldset class=\"c16\">\n<legend><strong><span class=\"c11\">Challenge<\/span><span class=\"c12\">news<\/span><\/strong><\/legend>\n<div class=\"c15\">Le meilleur de la r\u00e9daction s\u00e9lectionn\u00e9 par Challenge :<\/p>\n<\/div>\n<\/fieldset>\n<\/div>\n<p>Auteur: Rachid Boutaleb<br \/>\n<a href=\"https:\/\/www.challenge.ma\/lespagnol-endesa-renonce-a-ses-ambitions-au-maroc-115215\/\">Cliquez ici pour lire l&rsquo;article depuis sa source.<\/a><\/p>\n","protected":false},"excerpt":{"rendered":"<p>Le leader dans la p\u00e9ninsule ib\u00e9rique est en train de faire marche arri\u00e8re, alors que le march\u00e9 marocain semble repr\u00e9senter pour lui une expansion naturelle. L\u2019espagnol Endesa est-il en train de faire un trait sur ses ambitions de se lancer dans les \u00e9nergies renouvelables (ENR) au Maroc\u00a0? Tout semble croire que oui, quatre ans \u00e0 [&hellip;]<\/p>\n","protected":false},"author":1787,"featured_media":0,"comment_status":"closed","ping_status":"closed","sticky":false,"template":"","format":"standard","meta":{"fifu_image_url":"","fifu_image_alt":"","footnotes":""},"categories":[78,54],"tags":[],"class_list":["post-50925","post","type-post","status-publish","format-standard","hentry","category-economie","category-maroc"],"_links":{"self":[{"href":"https:\/\/linitiative.ca\/International\/wp-json\/wp\/v2\/posts\/50925","targetHints":{"allow":["GET"]}}],"collection":[{"href":"https:\/\/linitiative.ca\/International\/wp-json\/wp\/v2\/posts"}],"about":[{"href":"https:\/\/linitiative.ca\/International\/wp-json\/wp\/v2\/types\/post"}],"author":[{"embeddable":true,"href":"https:\/\/linitiative.ca\/International\/wp-json\/wp\/v2\/users\/1787"}],"replies":[{"embeddable":true,"href":"https:\/\/linitiative.ca\/International\/wp-json\/wp\/v2\/comments?post=50925"}],"version-history":[{"count":0,"href":"https:\/\/linitiative.ca\/International\/wp-json\/wp\/v2\/posts\/50925\/revisions"}],"wp:attachment":[{"href":"https:\/\/linitiative.ca\/International\/wp-json\/wp\/v2\/media?parent=50925"}],"wp:term":[{"taxonomy":"category","embeddable":true,"href":"https:\/\/linitiative.ca\/International\/wp-json\/wp\/v2\/categories?post=50925"},{"taxonomy":"post_tag","embeddable":true,"href":"https:\/\/linitiative.ca\/International\/wp-json\/wp\/v2\/tags?post=50925"}],"curies":[{"name":"wp","href":"https:\/\/api.w.org\/{rel}","templated":true}]}}