{"id":50928,"date":"2019-08-08T05:00:27","date_gmt":"2019-08-08T09:00:27","guid":{"rendered":"https:\/\/linitiative.ca\/International\/droit-de-greve-le-projet-de-loi-suscite-un-climat-de-suspicion-et-de-tension\/"},"modified":"2019-08-08T05:00:27","modified_gmt":"2019-08-08T09:00:27","slug":"droit-de-greve-le-projet-de-loi-suscite-un-climat-de-suspicion-et-de-tension","status":"publish","type":"post","link":"https:\/\/linitiative.ca\/International\/droit-de-greve-le-projet-de-loi-suscite-un-climat-de-suspicion-et-de-tension\/","title":{"rendered":"Droit de gr\u00e8ve : le projet de loi suscite un climat de suspicion et de tension"},"content":{"rendered":"<p><strong>Le projet de loi organique 15-97 relatif au droit de gr\u00e8ve, soumis pour approbation au parlement, suscite la tension entre les syndicats et le gouvernement.<\/strong><\/p>\n<div class=\"c10\"\/>\n<p>Le sens donn\u00e9 \u00e0 la \u00ab\u00a0participation\u00a0\u00bb semble \u00eatre la cause principale de l\u2019incompr\u00e9hension qui s\u2019installe de plus en plus entre les <strong>syndicats<\/strong> des travailleurs et le minist\u00e8re de l\u2019emploi.<\/p>\n<p>Alors que pour ce dernier la participation se limiterait \u00e0 une simple consultation, les repr\u00e9sentants syndicaux des travailleurs, se percevant comme des partenaires sociaux, revendiquent une vraie n\u00e9gociation, conform\u00e9ment \u00e0 la lettre et \u00e0 l\u2019esprit des dispositions constitutionnelles. En effet, au lieu d\u2019engager au pr\u00e9alable un dialogue avec les partenaires sociaux, le gouvernement a pr\u00e9f\u00e9r\u00e9 transmettre directement le projet de loi organique relatif <strong>au droit de gr\u00e8ve<\/strong> \u00e0 la premi\u00e8re chambre du Parlement, tournant ainsi le dos aux principales orientations strat\u00e9giques, explicitement formul\u00e9es, \u00e0 maintes reprises, dans les discours royaux.<\/p>\n<p>Les organisations syndicales repr\u00e9sentatives voient d\u2019un mauvais \u0153il cette man\u0153uvre gouvernementale et la consid\u00e8rent comme contraire \u00e0 la Constitution et aux engagements internationaux du royaume (notamment la Convention 87). Certains syndicalistes vont jusqu\u2019\u00e0 qualifier la d\u00e9marche gouvernementale comme \u00ab\u00a0unilat\u00e9raliste\u00a0\u00bb. Compte tenu du rapport de force actuel au sein du parlement, le <strong>gouvernement<\/strong> chercherait \u00e0 mettre les syndicats devant le fait accompli, \u00e0 l\u2019instar de la r\u00e9forme adopt\u00e9e sur le r\u00e9gime des retraites de la fonction publique. Les syndicats les plus repr\u00e9sentatifs, notamment la CDT, l\u2019UMT et la FDT contestent non seulement le mode d\u2019adoption en cours, dans sa forme, mais aussi le contenu du <strong>projet de loi organique<\/strong> qui, pour eux, est restrictif, voire r\u00e9pressif quant \u00e0 l\u2019exercice du droit de gr\u00e8ve, comme moyen ultime de d\u00e9fense des droits des travailleurs.<\/p>\n<p>Au niveau international, la F\u00e9d\u00e9ration syndicale mondiale, qui repr\u00e9sente plus de 100 millions de travailleurs dans le monde, a exprim\u00e9 sa solidarit\u00e9 avec les syndicats marocains en demandant au gouvernement de retirer ce projet du Parlement et d\u2019engager au pr\u00e9alable la proc\u00e9dure de n\u00e9gociation avec les partenaires sociaux. En r\u00e9alit\u00e9, climat social et climat des affaires sont indissociables. Le <strong>gouvernement<\/strong> actuel persistera-t-il dans sa \u00ab\u00a0d\u00e9marche unijambiste\u00a0\u00bb qui ne pourrait donner naissance qu\u2019\u00e0 des lois boiteuses, voire sources de nouvelles tensions et de conflits sociaux ?<\/p>\n<div class=\"c17\">\n<fieldset class=\"c16\">\n<legend><strong><span class=\"c11\">Challenge<\/span><span class=\"c12\">news<\/span><\/strong><\/legend>\n<div class=\"c15\">Le meilleur de la r\u00e9daction s\u00e9lectionn\u00e9 par Challenge :<\/p>\n<\/div>\n<\/fieldset>\n<\/div>\n<p>Auteur: Mohamed Amine<br \/>\n<a href=\"https:\/\/www.challenge.ma\/droit-de-greve-le-projet-de-loi-suscite-un-climat-de-suspicion-et-de-tension-115245\/\">Cliquez ici pour lire l&rsquo;article depuis sa source.<\/a><\/p>\n","protected":false},"excerpt":{"rendered":"<p>Le projet de loi organique 15-97 relatif au droit de gr\u00e8ve, soumis pour approbation au parlement, suscite la tension entre les syndicats et le gouvernement. Le sens donn\u00e9 \u00e0 la \u00ab\u00a0participation\u00a0\u00bb semble \u00eatre la cause principale de l\u2019incompr\u00e9hension qui s\u2019installe de plus en plus entre les syndicats des travailleurs et le minist\u00e8re de l\u2019emploi. Alors [&hellip;]<\/p>\n","protected":false},"author":1787,"featured_media":0,"comment_status":"closed","ping_status":"closed","sticky":false,"template":"","format":"standard","meta":{"fifu_image_url":"","fifu_image_alt":"","footnotes":""},"categories":[78,54],"tags":[],"class_list":["post-50928","post","type-post","status-publish","format-standard","hentry","category-economie","category-maroc"],"_links":{"self":[{"href":"https:\/\/linitiative.ca\/International\/wp-json\/wp\/v2\/posts\/50928","targetHints":{"allow":["GET"]}}],"collection":[{"href":"https:\/\/linitiative.ca\/International\/wp-json\/wp\/v2\/posts"}],"about":[{"href":"https:\/\/linitiative.ca\/International\/wp-json\/wp\/v2\/types\/post"}],"author":[{"embeddable":true,"href":"https:\/\/linitiative.ca\/International\/wp-json\/wp\/v2\/users\/1787"}],"replies":[{"embeddable":true,"href":"https:\/\/linitiative.ca\/International\/wp-json\/wp\/v2\/comments?post=50928"}],"version-history":[{"count":0,"href":"https:\/\/linitiative.ca\/International\/wp-json\/wp\/v2\/posts\/50928\/revisions"}],"wp:attachment":[{"href":"https:\/\/linitiative.ca\/International\/wp-json\/wp\/v2\/media?parent=50928"}],"wp:term":[{"taxonomy":"category","embeddable":true,"href":"https:\/\/linitiative.ca\/International\/wp-json\/wp\/v2\/categories?post=50928"},{"taxonomy":"post_tag","embeddable":true,"href":"https:\/\/linitiative.ca\/International\/wp-json\/wp\/v2\/tags?post=50928"}],"curies":[{"name":"wp","href":"https:\/\/api.w.org\/{rel}","templated":true}]}}