{"id":50933,"date":"2019-08-08T11:46:48","date_gmt":"2019-08-08T15:46:48","guid":{"rendered":"https:\/\/linitiative.ca\/International\/voyage-les-precautions-a-prendre\/"},"modified":"2019-08-08T11:46:48","modified_gmt":"2019-08-08T15:46:48","slug":"voyage-les-precautions-a-prendre","status":"publish","type":"post","link":"https:\/\/linitiative.ca\/International\/voyage-les-precautions-a-prendre\/","title":{"rendered":"Voyage : les pr\u00e9cautions \u00e0 prendre"},"content":{"rendered":"<p><strong>Week-end prolong\u00e9, vacances scolaires et de Aid Al Adha constituent une p\u00e9riode de forte affluence sur les routes. Pour que les longs trajets en voiture se d\u00e9roulent sereinement et en s\u00e9curit\u00e9, voici quelques conseils pratiques<\/strong>.<\/p>\n<div class=\"c10\"\/>\n<p><strong>Itin\u00e9raire<\/strong><\/p>\n<p>Il est conseill\u00e9 de rep\u00e9rer son parcours et si besoin le programmer dans son GPS. Aussi, se renseigner sur l\u2019\u00e9tat du <strong>trafic<\/strong> pour s\u2019adapter aux conditions. En cas de forts embouteillages, partir un jour plus tard, couper le trajet en deux ou encore emprunter des itin\u00e9raires bis.\u00a0<\/p>\n<p>Vous pouvez aussi utiliser l\u2019application mobile ADM Trafic qui constitue un outil de visualisation g\u00e9ographique du trafic en temps r\u00e9el, permettant de suivre tous les \u00e9v\u00e9nements survenant sur le r\u00e9seau autoroutier (incidents, accidents, travaux\u2026).<\/p>\n<div class=\"wp-block-embed__wrapper\"><iframe loading=\"lazy\" title=\"Application mobile ADM Trafic\" width=\"1140\" height=\"641\" src=\"https:\/\/www.youtube.com\/embed\/acXriGXdp_8?feature=oembed\" frameborder=\"0\" allow=\"accelerometer; autoplay; encrypted-media; gyroscope; picture-in-picture\" allowfullscreen=\"\">[embedded content]<\/iframe><\/div>\n<p><strong>Les heures \u00e0 \u00e9viter\u00a0!<\/strong><\/p>\n<p>Entre 13h et 16h et entre 2h et 5h, l\u2019organisme humain est \u00ab\u00a0programm\u00e9\u00a0\u00bb pour dormir. Propices \u00e0 favoriser la somnolence\u00a0au volant, ces p\u00e9riodes sont donc \u00e0 \u00e9viter pour conduire.<\/p>\n<p>A \u00e9viter aussi, le d\u00e9part pr\u00e9cipit\u00e9 apr\u00e8s une journ\u00e9e de travail sans suffisamment se reposer. Apr\u00e8s 17h de veille active, les r\u00e9flexes diminuent.<\/p>\n<p><strong>La pression des pneus\u00a0<\/strong><\/p>\n<p>Des pneus sous-gonfl\u00e9s repr\u00e9sentent un r\u00e9el danger. Les pneus sont \u00e0 gonfler, de pr\u00e9f\u00e9rence \u00e0 froid et la voiture \u00e0 vide, en respectant les pressions pr\u00e9conis\u00e9es par le constructeur. Ces instructions sont souvent disponibles sur la porti\u00e8re avant gauche ou sur la trappe \u00e0 carburant de la voiture.<\/p>\n<p><strong>L\u2019\u00e9clairage, la signalisation et la visibilit\u00e9<\/strong><\/p>\n<p>Des feux et des phares sales diminuent l\u2019efficacit\u00e9 de l\u2019\u00e9clairage jusqu\u2019\u00e0 30%. Avant le d\u00e9part, il est donc utile de nettoyer le pare-brise (ext\u00e9rieur et int\u00e9rieur) et toutes les autres surfaces vitr\u00e9es (r\u00e9troviseurs et feux) du v\u00e9hicule.<\/p>\n<p>Des balais d\u2019essuie-glaces qui ont plus d\u2019un an ou qui n\u2019essuient plus parfaitement le pare-brise en cas de fortes pluies sont \u00e0 remplacer.<\/p>\n<p><strong>Un chargement des bagages sans impact n\u00e9gatif sur la conduite<\/strong><\/p>\n<p>Songez \u00e9galement \u00e0 r\u00e9partir les bagages les plus lourds dans le coffre, le plus bas possible, pour abaisser le centre de gravit\u00e9 et am\u00e9liorer la tenue de route.<\/p>\n<p>Aussi, arrimer les objets dans l\u2019habitacle pour \u00e9viter qu\u2019ils se transforment en projectiles dangereux pour les passagers en cas de freinage brutal. Enfin, attacher solidement, au moyen de sangles, les bagages sur les barres de toit et s\u2019assurer avant le d\u00e9part; ainsi que r\u00e9guli\u00e8rement \u00e0 chaque arr\u00eat, que les sangles sont bien serr\u00e9es et qu\u2019elles ne flottent pas au vent.<\/p>\n<div class=\"wp-block-embed__wrapper\"><iframe loading=\"lazy\" title=\"\u00c9T\u00c9 | Comment bien charger son v\u00e9hicule ?\" width=\"1140\" height=\"641\" src=\"https:\/\/www.youtube.com\/embed\/wJRc3XDEmxk?feature=oembed\" frameborder=\"0\" allow=\"accelerometer; autoplay; encrypted-media; gyroscope; picture-in-picture\" allowfullscreen=\"\">[embedded content]<\/iframe><\/div>\n<p><strong>Les r\u00e8gles de s\u00e9curit\u00e9<\/strong><\/p>\n<p>Ces r\u00e8gles semblent \u00e9l\u00e9mentaires mais m\u00e9ritent d\u2019\u00eatre rappel\u00e9es : le conducteur ne r\u00e9pond jamais au t\u00e9l\u00e9phone au volant. Aussi, le t\u00e9l\u00e9phone doit \u00eatre \u00e9teint, mis sur messagerie ou confi\u00e9 \u00e0 un passager avant de partir.<\/p>\n<p>En cas d\u2019accident ou de panne, il faut s\u2019arr\u00eater dans un endroit s\u00e9curis\u00e9 avant de contacter les secours ou bien demander \u00e0 un passager de le faire. En cas d\u2019urgence en autoroute, le num\u00e9ro d\u2019assistance est le 5050.<\/p>\n<div class=\"c17\">\n<fieldset class=\"c16\">\n<legend><strong><span class=\"c11\">Challenge<\/span><span class=\"c12\">news<\/span><\/strong><\/legend>\n<div class=\"c15\">Le meilleur de la r\u00e9daction s\u00e9lectionn\u00e9 par Challenge :<\/p>\n<\/div>\n<\/fieldset>\n<\/div>\n<p>Auteur: Hajar DARI<br \/>\n<a href=\"https:\/\/www.challenge.ma\/voyage-les-precautions-a-prendre-115235\/\">Cliquez ici pour lire l&rsquo;article depuis sa source.<\/a><\/p>\n","protected":false},"excerpt":{"rendered":"<p>Week-end prolong\u00e9, vacances scolaires et de Aid Al Adha constituent une p\u00e9riode de forte affluence sur les routes. Pour que les longs trajets en voiture se d\u00e9roulent sereinement et en s\u00e9curit\u00e9, voici quelques conseils pratiques. Itin\u00e9raire Il est conseill\u00e9 de rep\u00e9rer son parcours et si besoin le programmer dans son GPS. Aussi, se renseigner sur [&hellip;]<\/p>\n","protected":false},"author":1787,"featured_media":0,"comment_status":"closed","ping_status":"closed","sticky":false,"template":"","format":"standard","meta":{"fifu_image_url":"","fifu_image_alt":"","footnotes":""},"categories":[78,54],"tags":[],"class_list":["post-50933","post","type-post","status-publish","format-standard","hentry","category-economie","category-maroc"],"_links":{"self":[{"href":"https:\/\/linitiative.ca\/International\/wp-json\/wp\/v2\/posts\/50933","targetHints":{"allow":["GET"]}}],"collection":[{"href":"https:\/\/linitiative.ca\/International\/wp-json\/wp\/v2\/posts"}],"about":[{"href":"https:\/\/linitiative.ca\/International\/wp-json\/wp\/v2\/types\/post"}],"author":[{"embeddable":true,"href":"https:\/\/linitiative.ca\/International\/wp-json\/wp\/v2\/users\/1787"}],"replies":[{"embeddable":true,"href":"https:\/\/linitiative.ca\/International\/wp-json\/wp\/v2\/comments?post=50933"}],"version-history":[{"count":0,"href":"https:\/\/linitiative.ca\/International\/wp-json\/wp\/v2\/posts\/50933\/revisions"}],"wp:attachment":[{"href":"https:\/\/linitiative.ca\/International\/wp-json\/wp\/v2\/media?parent=50933"}],"wp:term":[{"taxonomy":"category","embeddable":true,"href":"https:\/\/linitiative.ca\/International\/wp-json\/wp\/v2\/categories?post=50933"},{"taxonomy":"post_tag","embeddable":true,"href":"https:\/\/linitiative.ca\/International\/wp-json\/wp\/v2\/tags?post=50933"}],"curies":[{"name":"wp","href":"https:\/\/api.w.org\/{rel}","templated":true}]}}