{"id":50934,"date":"2019-08-08T12:35:10","date_gmt":"2019-08-08T16:35:10","guid":{"rendered":"https:\/\/linitiative.ca\/International\/laurent-blanc-au-maroc-pour-negocier-avec-la-frmf\/"},"modified":"2019-08-08T12:35:10","modified_gmt":"2019-08-08T16:35:10","slug":"laurent-blanc-au-maroc-pour-negocier-avec-la-frmf","status":"publish","type":"post","link":"https:\/\/linitiative.ca\/International\/laurent-blanc-au-maroc-pour-negocier-avec-la-frmf\/","title":{"rendered":"Laurent Blanc au Maroc pour n\u00e9gocier avec la FRMF"},"content":{"rendered":"<p><strong>L\u2019entra\u00eeneur fran\u00e7ais Laurent Blanc est arriv\u00e9 au Maroc mercredi, alors que la FRMF cherche le successeur de son compatriote Herv\u00e9 Renard.<\/strong><\/p>\n<div class=\"c10\"\/>\n<p>Selon plusieurs organes de presse nationaux, Laurent Blanc rencontrera jeudi Fouzi Lekja\u00e2, pr\u00e9sident de la F\u00e9d\u00e9ration royale marocaine de Football (FRMF) afin de n\u00e9gocier les termes du contrat qui le liera avec la F\u00e9d\u00e9ration pour entra\u00eener l\u2019\u00e9quipe nationale. Selon la m\u00eame source, l\u2019annonce officielle du nouvel entra\u00eeneur des <strong>Lions de l\u2019Atlas<\/strong> se fera jeudi soir. Candidats les plus proches \u00e0 ce stade : le fran\u00e7ais Laurent Blanc ou le serbe Vahid Halilhod\u017ei\u0107. Ce dernier \u00e9tait sur le point d\u2019\u00eatre nomm\u00e9 avant que le nom de Laurent Blanc n\u2019apparaisse comme probable futur entra\u00eeneur.<\/p>\n<p>\u00c2g\u00e9 de 53 ans, <strong>Laurent Blanc<\/strong> est l\u2019une des l\u00e9gendes du football fran\u00e7ais. Il a entra\u00een\u00e9 Bordeaux de 2007 \u00e0 2010 avec qui il a remport\u00e9 quatre titres en trois ans : le Championnat, la Coupe et deux supercoupes.<\/p>\n<p>Il a ensuite dirig\u00e9 l\u2019\u00e9quipe de France des moins de 21 ans pendant deux ans, puis le Paris Saint-Germain, l\u2019un des clubs les plus mythiques en Hexagone, de 2013 \u00e0 2016, avec qui il a remport\u00e9 11 titres, dont 3 titres de champion, 3 titres de la Coupe de la Ligue fran\u00e7aise, deux titres de la Coupe de France et 3 titres de la super coupe.<\/p>\n<div class=\"c17\">\n<fieldset class=\"c16\">\n<legend><strong><span class=\"c11\">Challenge<\/span><span class=\"c12\">news<\/span><\/strong><\/legend>\n<div class=\"c15\">Le meilleur de la r\u00e9daction s\u00e9lectionn\u00e9 par Challenge :<\/p>\n<\/div>\n<\/fieldset>\n<\/div>\n<p>Auteur: Hajar DARI<br \/>\n<a href=\"https:\/\/www.challenge.ma\/photo-laurent-blanc-au-maroc-pour-negocier-avec-la-frmf-115218\/\">Cliquez ici pour lire l&rsquo;article depuis sa source.<\/a><\/p>\n","protected":false},"excerpt":{"rendered":"<p>L\u2019entra\u00eeneur fran\u00e7ais Laurent Blanc est arriv\u00e9 au Maroc mercredi, alors que la FRMF cherche le successeur de son compatriote Herv\u00e9 Renard. Selon plusieurs organes de presse nationaux, Laurent Blanc rencontrera jeudi Fouzi Lekja\u00e2, pr\u00e9sident de la F\u00e9d\u00e9ration royale marocaine de Football (FRMF) afin de n\u00e9gocier les termes du contrat qui le liera avec la F\u00e9d\u00e9ration [&hellip;]<\/p>\n","protected":false},"author":1787,"featured_media":0,"comment_status":"closed","ping_status":"closed","sticky":false,"template":"","format":"standard","meta":{"fifu_image_url":"","fifu_image_alt":"","footnotes":""},"categories":[78,54],"tags":[],"class_list":["post-50934","post","type-post","status-publish","format-standard","hentry","category-economie","category-maroc"],"_links":{"self":[{"href":"https:\/\/linitiative.ca\/International\/wp-json\/wp\/v2\/posts\/50934","targetHints":{"allow":["GET"]}}],"collection":[{"href":"https:\/\/linitiative.ca\/International\/wp-json\/wp\/v2\/posts"}],"about":[{"href":"https:\/\/linitiative.ca\/International\/wp-json\/wp\/v2\/types\/post"}],"author":[{"embeddable":true,"href":"https:\/\/linitiative.ca\/International\/wp-json\/wp\/v2\/users\/1787"}],"replies":[{"embeddable":true,"href":"https:\/\/linitiative.ca\/International\/wp-json\/wp\/v2\/comments?post=50934"}],"version-history":[{"count":0,"href":"https:\/\/linitiative.ca\/International\/wp-json\/wp\/v2\/posts\/50934\/revisions"}],"wp:attachment":[{"href":"https:\/\/linitiative.ca\/International\/wp-json\/wp\/v2\/media?parent=50934"}],"wp:term":[{"taxonomy":"category","embeddable":true,"href":"https:\/\/linitiative.ca\/International\/wp-json\/wp\/v2\/categories?post=50934"},{"taxonomy":"post_tag","embeddable":true,"href":"https:\/\/linitiative.ca\/International\/wp-json\/wp\/v2\/tags?post=50934"}],"curies":[{"name":"wp","href":"https:\/\/api.w.org\/{rel}","templated":true}]}}