{"id":50969,"date":"2019-08-09T07:00:00","date_gmt":"2019-08-09T11:00:00","guid":{"rendered":"https:\/\/linitiative.ca\/International\/justice-de-la-famille-plus-de-6-700-affaires-jugees-a-fes-en-six-mois\/"},"modified":"2019-08-09T07:00:00","modified_gmt":"2019-08-09T11:00:00","slug":"justice-de-la-famille-plus-de-6-700-affaires-jugees-a-fes-en-six-mois","status":"publish","type":"post","link":"https:\/\/linitiative.ca\/International\/justice-de-la-famille-plus-de-6-700-affaires-jugees-a-fes-en-six-mois\/","title":{"rendered":"Justice de la famille  Plus de 6.700 affaires jug\u00e9es \u00e0 F\u00e8s en six mois"},"content":{"rendered":"<header>\n<\/header>\n<div class=\"entry-content clearfix\" readability=\"50\"><img decoding=\"async\" class=\"post_layout_5_img\" src=\"http:\/\/aujourdhui.ma\/wp-content\/uploads\/2016\/03\/tribunal-famille.jpg?x29840\" alt=\"Justice de la famille Plus de 6.700 affaires jug\u00e9es \u00e0 F\u00e8s en six mois\"\/><\/p>\n<p class=\"p1\"><span class=\"c4\"><strong><span class=\"s1\">La section de la justice de la famille relevant du tribunal de premi\u00e8re instance de F\u00e8s a jug\u00e9 quelque 6.727 affaires durant les six premiers mois de l\u2019ann\u00e9e en cours, en hausse par rapport \u00e0 la m\u00eame p\u00e9riode de l\u2019ann\u00e9e derni\u00e8re (5.913 dossiers).<\/span><\/strong><\/span><span id=\"more-316866\"\/><\/p>\n<p class=\"p1\"><span class=\"s1\">La r\u00e9partition des affaires trait\u00e9es fait ressortir la pr\u00e9dominance de celles li\u00e9es au divorce avec 3.980 dossiers jug\u00e9s, contre 3.539 dossiers durant les six premiers mois de l\u2019ann\u00e9e 2018 et des affaires relatives \u00e0 la garde des enfants (1.137 dossiers), selon les donn\u00e9es de ladite section.<\/span><\/p>\n<p class=\"p1\"><span class=\"s1\">La m\u00eame source fait \u00e9tat aussi du jugement, durant les six mois de l\u2019ann\u00e9e en cours, de quelque 441 affaires relatives au retour au foyer conjugal et 382 affaires de confirmation de mariage. Le tribunal a annonc\u00e9 ses jugements dans plusieurs dizaines d\u2019affaires en lien notamment avec la polygamie, l\u2019h\u00e9ritage et la filiation.<\/span><\/p>\n<\/div>\n<p>Auteur: ALM<br \/>\n<a href=\"http:\/\/aujourdhui.ma\/societe\/justice-de-la-famille-plus-de-6-700-affaires-jugees-a-fes-en-six-mois\">Cliquez ici pour lire l&rsquo;article depuis sa source.<\/a><\/p>\n","protected":false},"excerpt":{"rendered":"<p>La section de la justice de la famille relevant du tribunal de premi\u00e8re instance de F\u00e8s a jug\u00e9 quelque 6.727 affaires durant les six premiers mois de l\u2019ann\u00e9e en cours, en hausse par rapport \u00e0 la m\u00eame p\u00e9riode de l\u2019ann\u00e9e derni\u00e8re (5.913 dossiers). La r\u00e9partition des affaires trait\u00e9es fait ressortir la pr\u00e9dominance de celles li\u00e9es [&hellip;]<\/p>\n","protected":false},"author":1759,"featured_media":0,"comment_status":"closed","ping_status":"closed","sticky":false,"template":"","format":"standard","meta":{"fifu_image_url":"","fifu_image_alt":"","footnotes":""},"categories":[73,54],"tags":[],"class_list":["post-50969","post","type-post","status-publish","format-standard","hentry","category-actualite","category-maroc"],"_links":{"self":[{"href":"https:\/\/linitiative.ca\/International\/wp-json\/wp\/v2\/posts\/50969","targetHints":{"allow":["GET"]}}],"collection":[{"href":"https:\/\/linitiative.ca\/International\/wp-json\/wp\/v2\/posts"}],"about":[{"href":"https:\/\/linitiative.ca\/International\/wp-json\/wp\/v2\/types\/post"}],"author":[{"embeddable":true,"href":"https:\/\/linitiative.ca\/International\/wp-json\/wp\/v2\/users\/1759"}],"replies":[{"embeddable":true,"href":"https:\/\/linitiative.ca\/International\/wp-json\/wp\/v2\/comments?post=50969"}],"version-history":[{"count":0,"href":"https:\/\/linitiative.ca\/International\/wp-json\/wp\/v2\/posts\/50969\/revisions"}],"wp:attachment":[{"href":"https:\/\/linitiative.ca\/International\/wp-json\/wp\/v2\/media?parent=50969"}],"wp:term":[{"taxonomy":"category","embeddable":true,"href":"https:\/\/linitiative.ca\/International\/wp-json\/wp\/v2\/categories?post=50969"},{"taxonomy":"post_tag","embeddable":true,"href":"https:\/\/linitiative.ca\/International\/wp-json\/wp\/v2\/tags?post=50969"}],"curies":[{"name":"wp","href":"https:\/\/api.w.org\/{rel}","templated":true}]}}