{"id":50975,"date":"2019-08-09T11:45:43","date_gmt":"2019-08-09T15:45:43","guid":{"rendered":"https:\/\/linitiative.ca\/International\/entree-en-vigueur-de-la-charte-de-deontologie-du-journalisme\/"},"modified":"2019-08-09T11:45:43","modified_gmt":"2019-08-09T15:45:43","slug":"entree-en-vigueur-de-la-charte-de-deontologie-du-journalisme","status":"publish","type":"post","link":"https:\/\/linitiative.ca\/International\/entree-en-vigueur-de-la-charte-de-deontologie-du-journalisme\/","title":{"rendered":"Entr\u00e9e en vigueur de la charte de d\u00e9ontologie du journalisme"},"content":{"rendered":"<p class=\"c4\"><strong><span class=\"c2\">L<\/span><span class=\"c3\">e Conseil national de la presse (CNP), mis en place il y a une ann\u00e9e, vient de rendre publique la Charte d\u00e9ontologique du journalisme. C\u2019est la premi\u00e8re action, en profondeur, accomplie. Un communiqu\u00e9 de cette instance annonce l\u2019entr\u00e9e en vigueur de cette Charte, depuis mardi dernier et sa publication sur le site \u00e9lectronique du Secr\u00e9tariat g\u00e9n\u00e9ral du gouvernement.<\/span><\/strong><\/p>\n<p class=\"c4\"><strong>Le texte est ainsi pr\u00e9sent\u00e9 comme le \u00abfruit d\u2019une accumulation nationale de contributions d\u2019organismes professionnels marocains de journalisme et des m\u00e9dias\u00bb mais aussi \u00abde diverses exp\u00e9riences mondiales relatives au journalisme\u00bb. Mais les initiateurs du document tablent plus sur une \u00abautor\u00e9gulation de la profession\u00bb. Autrement dit, l\u2019appel est lanc\u00e9 aux journalistes eux-m\u00eames pour \u00eatre \u00abpartie et juge\u00bb. Une sorte de \u00ab\u00a0contr\u00f4le d\u00e9mocratique\u00a0\u00bb par la profession elle-m\u00eame.<\/strong><\/p>\n<p class=\"c4\"><strong>Le CNP annonce aussi \u00abl\u2019organisation de campagnes de sensibilisation, de s\u00e9minaires et colloques professionnels, de r\u00e9unions avec les journalistes, \u00e9diteurs et divers acteurs du domaine du journalisme, des m\u00e9dias et de la communication\u00bb. L\u2019objectif en est de \u00a0\u00abpromouvoir l\u2019engagement vis-\u00e0-vis de ces principes d\u00e9ontologiques et renforcer leur application au quotidien par les professionnels et au sein des diff\u00e9rentes institutions op\u00e9rant dans le secteur\u00bb.<\/strong><\/p>\n<p class=\"c4\"><strong>Le CNP exprime, \u00e0 cette occasion, \u00absa volont\u00e9 de coop\u00e9rer\u00bb avec tous les milieux concern\u00e9s \u00abpar les principes de cette charte d\u00e9ontologique\u00bb.<\/strong><\/p>\n<p class=\"c4\"><strong>Mais, il faudra le dire, la mission semble ardue mais pas impossible, face aux comportements immoraux et contraires \u00e0 l\u2019\u00e9thique et \u00e0 la d\u00e9ontologie qui se sont install\u00e9s depuis assez longtemps chez nous.<\/strong><\/p>\n<p class=\"c4\"><strong>Mais avec l\u2019institutionnalisation de ce document, l\u2019espoir est \u00e9mis pour que toutes les parties impliqu\u00e9es (CNP, FMEJ et SNPM) r\u00e9habilitent le m\u00e9tier de journaliste, face aux nombreuses critiques publiques, r\u00e9elles.<\/strong><\/p>\n<p class=\"c4\"><strong>Cela passe par un certain \u00e9quilibre, \u00e0 trouver, entre les normes contraignantes du droit et l\u2019adh\u00e9sion, consciente et irr\u00e9vocable, de la profession \u00e0 l\u2019\u00e9tique journalistique.<\/strong><\/p>\n<p class=\"c5\"><strong>M.K.<\/strong><\/p>\n<p class=\"c6\"><span class=\"c2\">***<\/span><\/p>\n<p class=\"c4\"><span class=\"c8\"><strong><span class=\"c2\">L<\/span><span class=\"c7\">a Charte de d\u00e9ontologie du journalisme est entr\u00e9e en vigueur lundi, suite \u00e0 sa publication sur le site \u00e9lectronique du Secr\u00e9tariat g\u00e9n\u00e9ral du gouvernement, conform\u00e9ment aux dispositions de la loi n\u00b090.13 portant cr\u00e9ation du Conseil national de la presse (CNP).<\/span><\/strong><\/span><\/p>\n<p class=\"c4\">Cette charte d\u00e9ontologique constitue la pierre angulaire de l\u2019autor\u00e9gulation de la profession, souligne le CNP dans un communiqu\u00e9, en relevant que ce document est le fruit d\u2019une accumulation nationale de contributions d\u2019organismes professionnels marocains de journalisme et des m\u00e9dias.<\/p>\n<p class=\"c4\">Le texte de loi approuv\u00e9 par le Conseil s\u2019est inspir\u00e9 de diverses exp\u00e9riences mondiales relatives au journalisme, ainsi que des d\u00e9veloppements r\u00e9cents en mati\u00e8re d\u2019\u00e9laboration de chartes d\u00e9ontologiques et ce, \u00e0 la lumi\u00e8re des mutations que connait le secteur des technologies de la communication, ajoute le Conseil.<\/p>\n<p class=\"c4\">Le CNP, poursuit la m\u00eame source, \u0153uvrera, dans le cadre de son plan d\u2019action, \u00e0 la mise en oeuvre des dispositions de cette charte \u00e0 travers l\u2019organisation de campagnes de sensibilisation, de s\u00e9minaires et colloques professionnels, de r\u00e9unions avec les journalistes, \u00e9diteurs et divers acteurs du domaine du journalisme, des m\u00e9dias et de la communication, afin de promouvoir l\u2019engagement vis-\u00e0-vis de ces principes d\u00e9ontologiques et renforcer leur application au quotidien par les professionnels et au sein des diff\u00e9rentes institutions op\u00e9rant dans le secteur.<\/p>\n<p class=\"c4\">Dans ce sillage, et en vue d\u2019atteindre ses objectifs, le Conseil souligne sa volont\u00e9 de coop\u00e9rer avec les organisations professionnelles, les \u00e9tablissements \u00e9ducatifs et acad\u00e9miques, en particulier ceux sp\u00e9cialis\u00e9s dans la formation journalistique et m\u00e9diatique, ainsi qu\u2019avec les organismes nationaux et les associations de la soci\u00e9t\u00e9 civile concern\u00e9es par les principes de cette charte d\u00e9ontologique.<\/p>\n<p>Auteur: M&rsquo;hammed rahal<br \/>\n<a href=\"http:\/\/albayane.press.ma\/entree-en-vigueur-de-la-charte-de-deontologie-du-journalisme.html\">Cliquez ici pour lire l&rsquo;article depuis sa source.<\/a><\/p>\n","protected":false},"excerpt":{"rendered":"<p>Le Conseil national de la presse (CNP), mis en place il y a une ann\u00e9e, vient de rendre publique la Charte d\u00e9ontologique du journalisme. C\u2019est la premi\u00e8re action, en profondeur, accomplie. Un communiqu\u00e9 de cette instance annonce l\u2019entr\u00e9e en vigueur de cette Charte, depuis mardi dernier et sa publication sur le site \u00e9lectronique du Secr\u00e9tariat [&hellip;]<\/p>\n","protected":false},"author":1760,"featured_media":0,"comment_status":"closed","ping_status":"closed","sticky":false,"template":"","format":"standard","meta":{"fifu_image_url":"","fifu_image_alt":"","footnotes":""},"categories":[73,54],"tags":[],"class_list":["post-50975","post","type-post","status-publish","format-standard","hentry","category-actualite","category-maroc"],"_links":{"self":[{"href":"https:\/\/linitiative.ca\/International\/wp-json\/wp\/v2\/posts\/50975","targetHints":{"allow":["GET"]}}],"collection":[{"href":"https:\/\/linitiative.ca\/International\/wp-json\/wp\/v2\/posts"}],"about":[{"href":"https:\/\/linitiative.ca\/International\/wp-json\/wp\/v2\/types\/post"}],"author":[{"embeddable":true,"href":"https:\/\/linitiative.ca\/International\/wp-json\/wp\/v2\/users\/1760"}],"replies":[{"embeddable":true,"href":"https:\/\/linitiative.ca\/International\/wp-json\/wp\/v2\/comments?post=50975"}],"version-history":[{"count":0,"href":"https:\/\/linitiative.ca\/International\/wp-json\/wp\/v2\/posts\/50975\/revisions"}],"wp:attachment":[{"href":"https:\/\/linitiative.ca\/International\/wp-json\/wp\/v2\/media?parent=50975"}],"wp:term":[{"taxonomy":"category","embeddable":true,"href":"https:\/\/linitiative.ca\/International\/wp-json\/wp\/v2\/categories?post=50975"},{"taxonomy":"post_tag","embeddable":true,"href":"https:\/\/linitiative.ca\/International\/wp-json\/wp\/v2\/tags?post=50975"}],"curies":[{"name":"wp","href":"https:\/\/api.w.org\/{rel}","templated":true}]}}