{"id":50976,"date":"2019-08-09T11:46:51","date_gmt":"2019-08-09T15:46:51","guid":{"rendered":"https:\/\/linitiative.ca\/International\/la-flambee-des-cornes-secoue-les-bourses-modestes\/"},"modified":"2019-08-09T11:46:51","modified_gmt":"2019-08-09T15:46:51","slug":"la-flambee-des-cornes-secoue-les-bourses-modestes","status":"publish","type":"post","link":"https:\/\/linitiative.ca\/International\/la-flambee-des-cornes-secoue-les-bourses-modestes\/","title":{"rendered":"La flamb\u00e9e des cornes secoue les bourses modestes"},"content":{"rendered":"<p class=\"c4\"><span class=\"c3\"><strong><span class=\"c2\">L<\/span>a f\u00eate d\u2019Al A\u00eed Aladha, \u00e9dition 1440, sera c\u00e9l\u00e9br\u00e9e au Maroc le lundi 12 ao\u00fbt (10 Dou Al Hijra 1440). A J-4, le mouton et ses accessoires sont par la force des choses le sujet qui occupe et pr\u00e9occupe, \u00e0 des degr\u00e9s diff\u00e9rents, les diff\u00e9rentes franges la soci\u00e9t\u00e9.<\/strong><\/span><\/p>\n<p class=\"c4\">Dans les souks, dans les fermes, dans les garages, transform\u00e9s en entrep\u00f4ts, et dans les espaces am\u00e9nag\u00e9s \u00e0 la vente des moutons, l\u2019activit\u00e9 est \u00e0 son comble. Les vendeurs, les revendeurs, les sp\u00e9culateurs, les transporteurs, les courtiers et bien d\u2019autres ne parlent, en ces moments, que le langage de la f\u00eate, de sa culture, de ses traditions et de tout ce qu\u2019il faut savoir sur ce rituel.<\/p>\n<p class=\"c4\">Et \u00e0 quel prix\u00a0? Sur ce registre, force est de constater que, flamb\u00e9e des cornes ou pas, cette f\u00eate du sacrifice demande des sacrifices. Surtout pour les familles \u00e0 modeste revenu. En effet, la pression du contexte social et culturel, qui l\u2019emporte aujourd\u2019hui sur le caract\u00e8re religieux de la f\u00eate, \u00e9touffe les cat\u00e9gories sociales d\u00e9favoris\u00e9es et pauvres, en les noyant dans des cr\u00e9dits, leur provoquant des sacrifices douloureux, voire m\u00eame dans certains cas une pure et simple dislocation de la cellule familiale.<\/p>\n<p class=\"c4\">Car, dans l\u2019espoir d\u2019\u00e9gorger un mouton \u00e0 cornes aiguis\u00e9es pour s\u2019aligner sur l\u2019entourage et le voisinage, des familles pauvres finissent dans le d\u00e9sespoir. Les prix oscillent aujourd\u2019hui dans plusieurs zones de Casablanca entre 1500 et plus de 5000 dirhams. Les vendeurs, semble-t-il, ne veulent pas encore l\u00e2cher leurs b\u00eates et tablent sur une flamb\u00e9e des prix durant ce week-end. Quoi qu\u2019il en soit, les prix exig\u00e9s, qui d\u00e9pendent d\u2019ailleurs de la race, de l\u2019\u00e2ge et du poids, restent en g\u00e9n\u00e9ral \u00e9lev\u00e9.<\/p>\n<p class=\"c4\">Dans ce sillage, les quantifications du minist\u00e8re de l\u2019Agriculture, de la p\u00eache maritime, du d\u00e9veloppement rural et des eaux et for\u00eats, annon\u00e7ant que l\u2019offre est largement sup\u00e9rieure \u00e0 la demande, n\u2019auraient pas influenc\u00e9 le march\u00e9.<\/p>\n<p class=\"c4\">L\u2019offre, selon le minist\u00e8re de l\u2019agriculture, est de pr\u00e8s de 8.5 millions de t\u00eates, dont 4.3 millions d\u2019ovins m\u00e2les, 2.8 millions de brebis et 1.4 million de caprins, alors que la demande n\u2019est que de 5.4 millions de t\u00eates. Selon la m\u00eame source, les transactions commerciales des animaux d\u2019abattage \u00e0 l\u2019occasion de l\u2019A\u00efd Al Adha permettront de r\u00e9aliser un chiffre d\u2019affaires d\u00e9passant les 12 milliards de dirhams, dont la grande partie sera transf\u00e9r\u00e9e au milieu rural.<\/p>\n<p class=\"c5\"><strong>B.Amenzou<\/strong><\/p>\n<p>Auteur: M&rsquo;hammed rahal<br \/>\n<a href=\"http:\/\/albayane.press.ma\/la-flambee-des-cornes-secoue-les-bourses-modestes.html\">Cliquez ici pour lire l&rsquo;article depuis sa source.<\/a><\/p>\n","protected":false},"excerpt":{"rendered":"<p>La f\u00eate d\u2019Al A\u00eed Aladha, \u00e9dition 1440, sera c\u00e9l\u00e9br\u00e9e au Maroc le lundi 12 ao\u00fbt (10 Dou Al Hijra 1440). A J-4, le mouton et ses accessoires sont par la force des choses le sujet qui occupe et pr\u00e9occupe, \u00e0 des degr\u00e9s diff\u00e9rents, les diff\u00e9rentes franges la soci\u00e9t\u00e9. Dans les souks, dans les fermes, dans [&hellip;]<\/p>\n","protected":false},"author":1760,"featured_media":0,"comment_status":"closed","ping_status":"closed","sticky":false,"template":"","format":"standard","meta":{"fifu_image_url":"","fifu_image_alt":"","footnotes":""},"categories":[73,54],"tags":[],"class_list":["post-50976","post","type-post","status-publish","format-standard","hentry","category-actualite","category-maroc"],"_links":{"self":[{"href":"https:\/\/linitiative.ca\/International\/wp-json\/wp\/v2\/posts\/50976","targetHints":{"allow":["GET"]}}],"collection":[{"href":"https:\/\/linitiative.ca\/International\/wp-json\/wp\/v2\/posts"}],"about":[{"href":"https:\/\/linitiative.ca\/International\/wp-json\/wp\/v2\/types\/post"}],"author":[{"embeddable":true,"href":"https:\/\/linitiative.ca\/International\/wp-json\/wp\/v2\/users\/1760"}],"replies":[{"embeddable":true,"href":"https:\/\/linitiative.ca\/International\/wp-json\/wp\/v2\/comments?post=50976"}],"version-history":[{"count":0,"href":"https:\/\/linitiative.ca\/International\/wp-json\/wp\/v2\/posts\/50976\/revisions"}],"wp:attachment":[{"href":"https:\/\/linitiative.ca\/International\/wp-json\/wp\/v2\/media?parent=50976"}],"wp:term":[{"taxonomy":"category","embeddable":true,"href":"https:\/\/linitiative.ca\/International\/wp-json\/wp\/v2\/categories?post=50976"},{"taxonomy":"post_tag","embeddable":true,"href":"https:\/\/linitiative.ca\/International\/wp-json\/wp\/v2\/tags?post=50976"}],"curies":[{"name":"wp","href":"https:\/\/api.w.org\/{rel}","templated":true}]}}