{"id":50977,"date":"2019-08-09T11:47:44","date_gmt":"2019-08-09T15:47:44","guid":{"rendered":"https:\/\/linitiative.ca\/International\/le-cinema-marocain-brille-de-mille-feux\/"},"modified":"2019-08-09T11:47:44","modified_gmt":"2019-08-09T15:47:44","slug":"le-cinema-marocain-brille-de-mille-feux","status":"publish","type":"post","link":"https:\/\/linitiative.ca\/International\/le-cinema-marocain-brille-de-mille-feux\/","title":{"rendered":"Le cin\u00e9ma marocain brille de mille feux"},"content":{"rendered":"<p class=\"c4\"><span class=\"c3\"><strong><span class=\"c2\">L<\/span>a 18<sup>e<\/sup> \u00a0\u00e9dition du Festival International du Film de Marrakech, qui se tiendra du 29 novembre au 7 d\u00e9cembre 2019, mettra fortement en valeur le cin\u00e9ma marocain.<\/strong><\/span><\/p>\n<p class=\"c4\">C\u2019est d\u00e9sormais l\u2019un des temps forts, r\u00e9guliers et incontournables, du Festival international du film de Marrakech. A l\u2019instar de la pr\u00e9c\u00e9dente \u00e9dition, celle de 2019 r\u00e9serve une place centrale au cin\u00e9ma national \u00e0 travers la section \u00abPanorama du cin\u00e9ma marocain\u00bb, qui pr\u00e9sente une s\u00e9lection des meilleurs films d\u2019auteurs marocains de l\u2019ann\u00e9e, soulignent les organisateurs dans un communiqu\u00e9 de presse.<\/p>\n<p class=\"c4\">L\u2019ann\u00e9e derni\u00e8re, cette section avait connu une tr\u00e8s forte affluence du public et suscit\u00e9 un grand int\u00e9r\u00eat aupr\u00e8s des professionnels \u00e9trangers et des repr\u00e9sentants de la presse internationale. Pour l\u2019occasion, la fondation du Festival avait en effet invit\u00e9 de nombreux directeurs et programmateurs de grands festivals internationaux, qui avaient ainsi pu d\u00e9couvrir plusieurs productions nationales, ajoute la m\u00eame source.<\/p>\n<p class=\"c4\">\u00a0Depuis le d\u00e9but de l\u2019ann\u00e9e, plus d\u2019une soixantaine de festivals dans le monde ont programm\u00e9 des films marocains, participant ainsi au rayonnement et au d\u00e9veloppement du cin\u00e9ma national.<\/p>\n<p class=\"c4\">Aussi, il convient de souligner que le cin\u00e9ma marocain sera \u00e9galement pr\u00e9sent dans les principales sections du festival. Un film marocain figurera, cette ann\u00e9e encore, dans la comp\u00e9tition officielle. Il sera annonc\u00e9 ult\u00e9rieurement, en m\u00eame temps que la s\u00e9lection officielle, d\u00e9but novembre, lit on dans le m\u00eame communiqu\u00e9.<\/p>\n<p class=\"c4\">D\u00e9voil\u00e9 en premi\u00e8re mondiale lors du dernier festival de Cannes, ADAM, le film de Maryam Touzani, sera quant \u00e0 lui pr\u00e9sent\u00e9 en s\u00e9ance de gala. Notons \u00e9galement que depuis sa premi\u00e8re projection \u00e0 Cannes, le film fait une brillante carri\u00e8re dans les festivals internationaux (Karlovy Vary, Durban, etc.).<\/p>\n<p class=\"c4\">Par ailleurs, comme chaque ann\u00e9e, depuis le d\u00e9marrage du Festival, un hommage sera \u00e9galement rendu \u00e0 une grande personnalit\u00e9 marocaine. Comme pour mettre en lumi\u00e8re une filmographie qui aura marqu\u00e9 l\u2019histoire du cin\u00e9ma national et de faire d\u00e9couvrir davantage aux nouvelles g\u00e9n\u00e9rations une partie du riche patrimoine cin\u00e9matographique national.<\/p>\n<p class=\"c4\">Outre cela, un film marocain sera \u00e9galement pr\u00e9sent\u00e9 dans la section Cin\u00e9ma en Audio Description \u00e0 destination des spectateurs malvoyants, un programme \u00e0 vocation sociale auquel la Fondation du festival est fortement attach\u00e9e. Les spectateurs de la place Jemaa El Fna auront, eux aussi, l\u2019occasion de d\u00e9couvrir un grand succ\u00e8s populaire marocain, en pr\u00e9sence de l\u2019\u00e9quipe du film.<\/p>\n<p class=\"c4\">Cette ann\u00e9e verra \u00e9galement la reconduction du programme \u00abLes Ateliers de l\u2019Atlas\u00bb. Une nouvelle initiative lanc\u00e9e en 2018 \u00e0 destination des professionnels marocains et de la r\u00e9gion. Le programme industrie et d\u00e9veloppement de talents a connu un grand succ\u00e8s aupr\u00e8s des r\u00e9alisateurs, auteurs et producteurs qui y ont pris part.<\/p>\n<p class=\"c4\">A titre de rappel, 8 projets en d\u00e9veloppement et 6 films en post-production en provenance du Maroc, du Moyen Orient et d\u2019Afrique ont ainsi b\u00e9n\u00e9fici\u00e9 de consultations par 17 professionnels internationaux, avant d\u2019\u00eatre pr\u00e9sent\u00e9s devant les professionnels pr\u00e9sents, donnant ainsi lieu \u00e0 plus de 200 rendez-vous individuels.<\/p>\n<p>Auteur: M&rsquo;hammed rahal<br \/>\n<a href=\"http:\/\/albayane.press.ma\/le-cinema-marocain-brille-de-mille-feux.html\">Cliquez ici pour lire l&rsquo;article depuis sa source.<\/a><\/p>\n","protected":false},"excerpt":{"rendered":"<p>La 18e \u00a0\u00e9dition du Festival International du Film de Marrakech, qui se tiendra du 29 novembre au 7 d\u00e9cembre 2019, mettra fortement en valeur le cin\u00e9ma marocain. C\u2019est d\u00e9sormais l\u2019un des temps forts, r\u00e9guliers et incontournables, du Festival international du film de Marrakech. A l\u2019instar de la pr\u00e9c\u00e9dente \u00e9dition, celle de 2019 r\u00e9serve une place [&hellip;]<\/p>\n","protected":false},"author":1760,"featured_media":0,"comment_status":"closed","ping_status":"closed","sticky":false,"template":"","format":"standard","meta":{"fifu_image_url":"","fifu_image_alt":"","footnotes":""},"categories":[73,54],"tags":[],"class_list":["post-50977","post","type-post","status-publish","format-standard","hentry","category-actualite","category-maroc"],"_links":{"self":[{"href":"https:\/\/linitiative.ca\/International\/wp-json\/wp\/v2\/posts\/50977","targetHints":{"allow":["GET"]}}],"collection":[{"href":"https:\/\/linitiative.ca\/International\/wp-json\/wp\/v2\/posts"}],"about":[{"href":"https:\/\/linitiative.ca\/International\/wp-json\/wp\/v2\/types\/post"}],"author":[{"embeddable":true,"href":"https:\/\/linitiative.ca\/International\/wp-json\/wp\/v2\/users\/1760"}],"replies":[{"embeddable":true,"href":"https:\/\/linitiative.ca\/International\/wp-json\/wp\/v2\/comments?post=50977"}],"version-history":[{"count":0,"href":"https:\/\/linitiative.ca\/International\/wp-json\/wp\/v2\/posts\/50977\/revisions"}],"wp:attachment":[{"href":"https:\/\/linitiative.ca\/International\/wp-json\/wp\/v2\/media?parent=50977"}],"wp:term":[{"taxonomy":"category","embeddable":true,"href":"https:\/\/linitiative.ca\/International\/wp-json\/wp\/v2\/categories?post=50977"},{"taxonomy":"post_tag","embeddable":true,"href":"https:\/\/linitiative.ca\/International\/wp-json\/wp\/v2\/tags?post=50977"}],"curies":[{"name":"wp","href":"https:\/\/api.w.org\/{rel}","templated":true}]}}