{"id":51022,"date":"2019-08-09T07:00:00","date_gmt":"2019-08-09T11:00:00","guid":{"rendered":"https:\/\/linitiative.ca\/International\/une-nouvelle-guerre-pour-la-syrie\/"},"modified":"2019-08-09T07:00:00","modified_gmt":"2019-08-09T11:00:00","slug":"une-nouvelle-guerre-pour-la-syrie","status":"publish","type":"post","link":"https:\/\/linitiative.ca\/International\/une-nouvelle-guerre-pour-la-syrie\/","title":{"rendered":"Une nouvelle guerre pour la Syrie"},"content":{"rendered":"<div readability=\"34\">\n<p>L\u2019EI renforce ses activit\u00e9s alors que les Etats-Unis retirent leurs troupes<\/p>\n<p>Un centre d&rsquo;op\u00e9rations conjointes sera mis en place entre Ankara et Washington<\/p>\n<\/div>\n<div readability=\"75\">\n<div class=\"dnd-atom-wrapper type-image context-sdl_editor_representation\" contenteditable=\"false\" readability=\"32\">\n<div class=\"dnd-drop-wrapper image\"><img loading=\"lazy\" decoding=\"async\" typeof=\"foaf:Image\" class=\"img-responsive\" src=\"https:\/\/www.leconomiste.com\/sites\/default\/files\/eco7\/public\/thumbnails\/image\/guerre-en-syrie-072.jpg\" width=\"660\" height=\"330\" alt=\"guerre-en-syrie-072.jpg\" title=\"guerre-en-syrie-072.jpg\"\/><\/div>\n<div class=\"dnd-legend-wrapper\" contenteditable=\"true\" readability=\"9\">\n<p class=\"rtejustify\">Daech est en train de \u00abressurgir\u00bb en Syrie alors m\u00eame que les Etats-Unis retirent leurs troupes du pays, a indiqu\u00e9 mardi le Pentagone <em>(Ph. AFP)<\/em><\/p>\n<\/div>\n<\/div>\n<p class=\"rtejustify\">Hier mercredi, un attentat \u00e0 la voiture pi\u00e9g\u00e9e revendiqu\u00e9 par le groupe Etat islamique (EI) a tu\u00e9 cinq personnes, dont trois enfants, dans une ville contr\u00f4l\u00e9e par les forces kurdes, dans le nord-est de la Syrie. Un nouveau bain de sang alors que les Forces d\u00e9mocratiques syriennes (FDS) avaient inform\u00e9 en mars dernier que le dernier bastion de Daech \u00e9tait tomb\u00e9 et que les Etats-Unis ont partiellement retir\u00e9 leurs troupes.<\/p>\n<p class=\"rtejustify\">Une d\u00e9cision prise par le pr\u00e9sident am\u00e9ricain Donald Trump, fin 2018, qui arguait alors \u00abd&rsquo;une victoire totale contre l\u2019organisation jihadiste\u00bb. Une d\u00e9cision prise contre l\u2019avis des Forces d\u00e9mocratiques syriennes (FDS) soutenues par les Etats-Unis. Ils r\u00e9clamaient plus de formation et d\u2019\u00e9quipement pour les op\u00e9rations anti-insurrectionnelles\u00bb.<\/p>\n<p class=\"rtejustify\">Pourtant, le rapport du Pentagone qui annonce la r\u00e9surgence de l&rsquo;Etat islamique, livr\u00e9 le 6 ao\u00fbt, tombe comme un couperet. \u00abM\u00eame s&rsquo;il a perdu son califat territorial, Daesh a renforc\u00e9 ses capacit\u00e9s insurrectionnelles en Irak et a repris ses activit\u00e9s en Syrie ce trimestre\u00bb, pr\u00e9cise le document. \u00abIl y est arriv\u00e9 en partie parce que les forces locales restent incapables de maintenir des op\u00e9rations \u00e0 long terme, de les conduire, ou de garder le territoire qu&rsquo;elles ont d\u00e9gag\u00e9\u00bb, explique le Pentagone.<\/p>\n<p class=\"rtejustify\">Le r\u00e9pit a \u00e9t\u00e9 de courte dur\u00e9e pour la Syrie qui se remet encore difficilement de ses blessures et qui n&rsquo;a pas anticip\u00e9 un \u00e9ventuel retour des terroristes. En effet, l&rsquo;EI a r\u00e9ussi \u00e0 conserver une large pr\u00e9sence dans le d\u00e9sert syrien ainsi que des cellules dormantes dans plusieurs r\u00e9gions en guerre, dont certaines domin\u00e9es par les Forces d\u00e9mocratiques syriennes. Revenu en force, Daesh a \u00e9galement mis le feu \u00e0 des champs de bl\u00e9 afin d\u2019accro\u00eetre l\u2019ins\u00e9curit\u00e9 alimentaire dans la r\u00e9gion.<\/p>\n<p class=\"rtejustify\">Cette nouvelle attaque inqui\u00e8te les pays de la r\u00e9gion, principalement la Turquie. Le pr\u00e9sident Erdogan avait d\u00e9clar\u00e9 vouloir envahir la r\u00e9gion autonome kurde du nord de la Syrie pour y \u00e9tablir un corridor de s\u00e9curit\u00e9 de 30 km de large pour la \u00abnettoyer\u00bb de toutes les Forces d\u00e9mocratiques syriennes. Erdogan est parvenu a un accord avec Washington. En effet, hier, la Turquie et les Etats-Unis ont d\u00e9cid\u00e9 de mettre en place un \u00abcentre d&rsquo;op\u00e9rations conjointes\u00bb afin de lever les inqui\u00e9tudes de la Turquie\u00bb.<\/p>\n<p class=\"rtejustify\"><em>T.E.G. avec agences<\/em><\/p>\n<\/div>\n<p>Auteur: hlafriqi<br \/>\n<a href=\"https:\/\/www.leconomiste.com\/article\/1048837-une-nouvelle-guerre-pour-la-syrie\">Cliquez ici pour lire l&rsquo;article depuis sa source.<\/a><\/p>\n","protected":false},"excerpt":{"rendered":"<p>L\u2019EI renforce ses activit\u00e9s alors que les Etats-Unis retirent leurs troupes Un centre d&rsquo;op\u00e9rations conjointes sera mis en place entre Ankara et Washington Daech est en train de \u00abressurgir\u00bb en Syrie alors m\u00eame que les Etats-Unis retirent leurs troupes du pays, a indiqu\u00e9 mardi le Pentagone (Ph. AFP) Hier mercredi, un attentat \u00e0 la voiture [&hellip;]<\/p>\n","protected":false},"author":1763,"featured_media":51023,"comment_status":"closed","ping_status":"closed","sticky":false,"template":"","format":"standard","meta":{"fifu_image_url":"","fifu_image_alt":"","footnotes":""},"categories":[78,54],"tags":[],"class_list":["post-51022","post","type-post","status-publish","format-standard","has-post-thumbnail","hentry","category-economie","category-maroc"],"_links":{"self":[{"href":"https:\/\/linitiative.ca\/International\/wp-json\/wp\/v2\/posts\/51022","targetHints":{"allow":["GET"]}}],"collection":[{"href":"https:\/\/linitiative.ca\/International\/wp-json\/wp\/v2\/posts"}],"about":[{"href":"https:\/\/linitiative.ca\/International\/wp-json\/wp\/v2\/types\/post"}],"author":[{"embeddable":true,"href":"https:\/\/linitiative.ca\/International\/wp-json\/wp\/v2\/users\/1763"}],"replies":[{"embeddable":true,"href":"https:\/\/linitiative.ca\/International\/wp-json\/wp\/v2\/comments?post=51022"}],"version-history":[{"count":0,"href":"https:\/\/linitiative.ca\/International\/wp-json\/wp\/v2\/posts\/51022\/revisions"}],"wp:featuredmedia":[{"embeddable":true,"href":"https:\/\/linitiative.ca\/International\/wp-json\/"}],"wp:attachment":[{"href":"https:\/\/linitiative.ca\/International\/wp-json\/wp\/v2\/media?parent=51022"}],"wp:term":[{"taxonomy":"category","embeddable":true,"href":"https:\/\/linitiative.ca\/International\/wp-json\/wp\/v2\/categories?post=51022"},{"taxonomy":"post_tag","embeddable":true,"href":"https:\/\/linitiative.ca\/International\/wp-json\/wp\/v2\/tags?post=51022"}],"curies":[{"name":"wp","href":"https:\/\/api.w.org\/{rel}","templated":true}]}}