{"id":51024,"date":"2019-08-09T15:14:17","date_gmt":"2019-08-09T19:14:17","guid":{"rendered":"https:\/\/linitiative.ca\/International\/pros-benrahma-nest-pas-decu-de-rester-a-brentford\/"},"modified":"2019-08-09T15:14:17","modified_gmt":"2019-08-09T19:14:17","slug":"pros-benrahma-nest-pas-decu-de-rester-a-brentford","status":"publish","type":"post","link":"https:\/\/linitiative.ca\/International\/pros-benrahma-nest-pas-decu-de-rester-a-brentford\/","title":{"rendered":"Pros : Benrahma n&rsquo;est pas d\u00e9\u00e7u de rester \u00e0 Brentford"},"content":{"rendered":"<div readability=\"32\">\n<p>Auteur : <span class=\"time\">vendredi 09 ao\u00fbt 2019 10:36<\/span><\/p>\n<\/div>\n<div id=\"post_core\" readability=\"40\">\n<p>En effet, Aston Villa aurait fait une offre \u00e0 hauteur de 20M\u00a3 alors que le club de Brentford r\u00e9clamait 25M\u00a3 pour l\u00e2cher le joueur alg\u00e9rien.<\/p>\n<p>Benrahma n&rsquo;est pour autant pas d\u00e9\u00e7u de la tournure des \u00e9v\u00e8nements vu qu&rsquo;il a partag\u00e9 sur les r\u00e9seaux sociaux une photo o\u00f9 on le voit poser avec le maillot de Brenford accompagn\u00e9e du message suivant : \u00ab\u00a0<em>Le bonheur est un \u00e9tat d&rsquo;esprit, pas une destination. Je suis pr\u00eat ! Allez, Brentford !<\/em>\u00ab\u00a0<\/p>\n<p><img decoding=\"async\" alt=\"\" src=\"https:\/\/pbs.twimg.com\/media\/EBdZqWQXoAAYEUX.jpg\" class=\"c1\"\/><\/p>\n<p><strong>Publi\u00e9 dans :<\/strong> <span>Benrahma<\/span><\/p>\n<\/div>\n<p>Auteur:<br \/>\n<a href=\"http:\/\/www.lebuteur.com\/article\/detail?titre=benrahma-nest-pas-decu-de-rester-a-brentford&#038;id=90971&#038;utm_source=feedburner&#038;utm_medium=feed&#038;utm_campaign=Feed%3A+GalerieFArtciles+%28Les+derniers+articles++-+lebuteur.com%29\">Cliquez ici pour lire l&rsquo;article depuis sa source.<\/a><\/p>\n","protected":false},"excerpt":{"rendered":"<p>Auteur : vendredi 09 ao\u00fbt 2019 10:36 En effet, Aston Villa aurait fait une offre \u00e0 hauteur de 20M\u00a3 alors que le club de Brentford r\u00e9clamait 25M\u00a3 pour l\u00e2cher le joueur alg\u00e9rien. Benrahma n&rsquo;est pour autant pas d\u00e9\u00e7u de la tournure des \u00e9v\u00e8nements vu qu&rsquo;il a partag\u00e9 sur les r\u00e9seaux sociaux une photo o\u00f9 on [&hellip;]<\/p>\n","protected":false},"author":1738,"featured_media":51025,"comment_status":"closed","ping_status":"closed","sticky":false,"template":"","format":"standard","meta":{"fifu_image_url":"","fifu_image_alt":"","footnotes":""},"categories":[53,75],"tags":[],"class_list":["post-51024","post","type-post","status-publish","format-standard","has-post-thumbnail","hentry","category-algerie","category-sport"],"_links":{"self":[{"href":"https:\/\/linitiative.ca\/International\/wp-json\/wp\/v2\/posts\/51024","targetHints":{"allow":["GET"]}}],"collection":[{"href":"https:\/\/linitiative.ca\/International\/wp-json\/wp\/v2\/posts"}],"about":[{"href":"https:\/\/linitiative.ca\/International\/wp-json\/wp\/v2\/types\/post"}],"author":[{"embeddable":true,"href":"https:\/\/linitiative.ca\/International\/wp-json\/wp\/v2\/users\/1738"}],"replies":[{"embeddable":true,"href":"https:\/\/linitiative.ca\/International\/wp-json\/wp\/v2\/comments?post=51024"}],"version-history":[{"count":0,"href":"https:\/\/linitiative.ca\/International\/wp-json\/wp\/v2\/posts\/51024\/revisions"}],"wp:featuredmedia":[{"embeddable":true,"href":"https:\/\/linitiative.ca\/International\/wp-json\/"}],"wp:attachment":[{"href":"https:\/\/linitiative.ca\/International\/wp-json\/wp\/v2\/media?parent=51024"}],"wp:term":[{"taxonomy":"category","embeddable":true,"href":"https:\/\/linitiative.ca\/International\/wp-json\/wp\/v2\/categories?post=51024"},{"taxonomy":"post_tag","embeddable":true,"href":"https:\/\/linitiative.ca\/International\/wp-json\/wp\/v2\/tags?post=51024"}],"curies":[{"name":"wp","href":"https:\/\/api.w.org\/{rel}","templated":true}]}}