{"id":51026,"date":"2019-08-09T15:14:19","date_gmt":"2019-08-09T19:14:19","guid":{"rendered":"https:\/\/linitiative.ca\/International\/pros-rennes-bensebaini-sur-le-depart\/"},"modified":"2019-08-09T15:14:19","modified_gmt":"2019-08-09T19:14:19","slug":"pros-rennes-bensebaini-sur-le-depart","status":"publish","type":"post","link":"https:\/\/linitiative.ca\/International\/pros-rennes-bensebaini-sur-le-depart\/","title":{"rendered":"Pros : Rennes: Bensebaini sur le d\u00e9part"},"content":{"rendered":"<div readability=\"32\">\n<p>Auteur : <span class=\"time\">vendredi 09 ao\u00fbt 2019 15:08<\/span><\/p>\n<\/div>\n<div id=\"post_core\" readability=\"40\">\n<p>Tout juste revenu de vacances apr\u00e8s son titre de champion d&rsquo;Afrique, Ramy Bensebaini (24 ans) va quitter Rennes. En effet, le pr\u00e9sident Olivier L\u00e9tang a confirm\u00e9 aupr\u00e8s de L&rsquo;Equipe qu&rsquo;il n&rsquo;est \u00ab\u00a0pas loin d&rsquo;un accord\u00a0\u00bb avec le Borussia M\u00f6nchengladbach pour le transfert du d\u00e9fenseur polyvalent alg\u00e9rien, dont le contrat expire en juin prochain. Une indemnit\u00e9 de 10 millions d&rsquo;euros est \u00e9voqu\u00e9e par le m\u00e9dia sportif rapporte Maxifoot.fr.<\/p>\n<p><strong>Publi\u00e9 dans :<\/strong> <span>Bensebaini<\/span><\/p>\n<\/div>\n<p>Auteur:<br \/>\n<a href=\"http:\/\/www.lebuteur.com\/article\/detail?titre=rennes-bensebaini-sur-le-depart&#038;id=90972&#038;utm_source=feedburner&#038;utm_medium=feed&#038;utm_campaign=Feed%3A+GalerieFArtciles+%28Les+derniers+articles++-+lebuteur.com%29\">Cliquez ici pour lire l&rsquo;article depuis sa source.<\/a><\/p>\n","protected":false},"excerpt":{"rendered":"<p>Auteur : vendredi 09 ao\u00fbt 2019 15:08 Tout juste revenu de vacances apr\u00e8s son titre de champion d&rsquo;Afrique, Ramy Bensebaini (24 ans) va quitter Rennes. En effet, le pr\u00e9sident Olivier L\u00e9tang a confirm\u00e9 aupr\u00e8s de L&rsquo;Equipe qu&rsquo;il n&rsquo;est \u00ab\u00a0pas loin d&rsquo;un accord\u00a0\u00bb avec le Borussia M\u00f6nchengladbach pour le transfert du d\u00e9fenseur polyvalent alg\u00e9rien, dont le [&hellip;]<\/p>\n","protected":false},"author":1738,"featured_media":51027,"comment_status":"closed","ping_status":"closed","sticky":false,"template":"","format":"standard","meta":{"fifu_image_url":"","fifu_image_alt":"","footnotes":""},"categories":[53,75],"tags":[],"class_list":["post-51026","post","type-post","status-publish","format-standard","has-post-thumbnail","hentry","category-algerie","category-sport"],"_links":{"self":[{"href":"https:\/\/linitiative.ca\/International\/wp-json\/wp\/v2\/posts\/51026","targetHints":{"allow":["GET"]}}],"collection":[{"href":"https:\/\/linitiative.ca\/International\/wp-json\/wp\/v2\/posts"}],"about":[{"href":"https:\/\/linitiative.ca\/International\/wp-json\/wp\/v2\/types\/post"}],"author":[{"embeddable":true,"href":"https:\/\/linitiative.ca\/International\/wp-json\/wp\/v2\/users\/1738"}],"replies":[{"embeddable":true,"href":"https:\/\/linitiative.ca\/International\/wp-json\/wp\/v2\/comments?post=51026"}],"version-history":[{"count":0,"href":"https:\/\/linitiative.ca\/International\/wp-json\/wp\/v2\/posts\/51026\/revisions"}],"wp:featuredmedia":[{"embeddable":true,"href":"https:\/\/linitiative.ca\/International\/wp-json\/"}],"wp:attachment":[{"href":"https:\/\/linitiative.ca\/International\/wp-json\/wp\/v2\/media?parent=51026"}],"wp:term":[{"taxonomy":"category","embeddable":true,"href":"https:\/\/linitiative.ca\/International\/wp-json\/wp\/v2\/categories?post=51026"},{"taxonomy":"post_tag","embeddable":true,"href":"https:\/\/linitiative.ca\/International\/wp-json\/wp\/v2\/tags?post=51026"}],"curies":[{"name":"wp","href":"https:\/\/api.w.org\/{rel}","templated":true}]}}