{"id":51028,"date":"2019-08-09T15:14:20","date_gmt":"2019-08-09T19:14:20","guid":{"rendered":"https:\/\/linitiative.ca\/International\/pros-psg-leonardo-enfin-fixe-pour-youcef-atal\/"},"modified":"2019-08-09T15:14:20","modified_gmt":"2019-08-09T19:14:20","slug":"pros-psg-leonardo-enfin-fixe-pour-youcef-atal","status":"publish","type":"post","link":"https:\/\/linitiative.ca\/International\/pros-psg-leonardo-enfin-fixe-pour-youcef-atal\/","title":{"rendered":"Pros : PSG: Leonardo enfin fix\u00e9 pour Youcef Atal ?"},"content":{"rendered":"<div readability=\"32\">\n<p>Auteur : <span class=\"time\">vendredi 09 ao\u00fbt 2019 15:11<\/span><\/p>\n<\/div>\n<div id=\"post_core\" readability=\"41\">\n<p>\u00c0 la recherche d\u2019un lat\u00e9ral droit pour pallier le d\u00e9part de Daniel Alves et pour concurrencer Thomas Meunier et Colin Dagba, le Paris Saint-Germain pourrait bien opter pour Youcef Atal. Entra\u00eeneur et directeur sportif du club parisien, Thomas Tuchel et Leonardo se seraient mis d\u2019accord pour lancer les grandes manoeuvres pour l\u2019international alg\u00e9rien, r\u00e9cent vainqueur de la CAN avec les Fennecs. Bien que la direction de l\u2019OGC Nice souhaiterait faire d\u2019Atal l\u2019une des figures de proue de son projet, elle pourrait c\u00e9der si le PSG proposait l\u2019offre qu\u2019il fallait. C\u2019est du moins ce qu\u2019explique Soccer Link. L\u2019OGC Nice ne serait pas contre un d\u00e9part de Youcef Atal si le PSG lui proposait une offre de 30M\u20ac. Un prix assez abordable pour le champion de France qui pourrait ainsi passer la seconde dans les ultimes semaines du mercato. Mais c\u2019\u00e9tait sans compter sur Patrick Vieira. De passage en conf\u00e9rence de presse jeudi, l\u2019entra\u00eeneur des Aiglons a ferm\u00e9 la porte aux d\u00e9parts de Malang Sarr et d\u2019Atal, en assurant que \u00ab ce sont des joueurs qui ne partiront pas \u00bb. Le PSG parviendra-t-il \u00e0 changer la donne dans cette op\u00e9ration ? s\u2019interroge Le 10 Sport.<\/p>\n<p><strong>Publi\u00e9 dans :<\/strong> <span>Atal<\/span><\/p>\n<\/div>\n<p>Auteur:<br \/>\n<a href=\"http:\/\/www.lebuteur.com\/article\/detail?titre=psg-leonardo-enfin-fixe-pour-youcef-atal&#038;id=90973&#038;utm_source=feedburner&#038;utm_medium=feed&#038;utm_campaign=Feed%3A+GalerieFArtciles+%28Les+derniers+articles++-+lebuteur.com%29\">Cliquez ici pour lire l&rsquo;article depuis sa source.<\/a><\/p>\n","protected":false},"excerpt":{"rendered":"<p>Auteur : vendredi 09 ao\u00fbt 2019 15:11 \u00c0 la recherche d\u2019un lat\u00e9ral droit pour pallier le d\u00e9part de Daniel Alves et pour concurrencer Thomas Meunier et Colin Dagba, le Paris Saint-Germain pourrait bien opter pour Youcef Atal. Entra\u00eeneur et directeur sportif du club parisien, Thomas Tuchel et Leonardo se seraient mis d\u2019accord pour lancer les [&hellip;]<\/p>\n","protected":false},"author":1738,"featured_media":51029,"comment_status":"closed","ping_status":"closed","sticky":false,"template":"","format":"standard","meta":{"fifu_image_url":"","fifu_image_alt":"","footnotes":""},"categories":[53,75],"tags":[],"class_list":["post-51028","post","type-post","status-publish","format-standard","has-post-thumbnail","hentry","category-algerie","category-sport"],"_links":{"self":[{"href":"https:\/\/linitiative.ca\/International\/wp-json\/wp\/v2\/posts\/51028","targetHints":{"allow":["GET"]}}],"collection":[{"href":"https:\/\/linitiative.ca\/International\/wp-json\/wp\/v2\/posts"}],"about":[{"href":"https:\/\/linitiative.ca\/International\/wp-json\/wp\/v2\/types\/post"}],"author":[{"embeddable":true,"href":"https:\/\/linitiative.ca\/International\/wp-json\/wp\/v2\/users\/1738"}],"replies":[{"embeddable":true,"href":"https:\/\/linitiative.ca\/International\/wp-json\/wp\/v2\/comments?post=51028"}],"version-history":[{"count":0,"href":"https:\/\/linitiative.ca\/International\/wp-json\/wp\/v2\/posts\/51028\/revisions"}],"wp:featuredmedia":[{"embeddable":true,"href":"https:\/\/linitiative.ca\/International\/wp-json\/"}],"wp:attachment":[{"href":"https:\/\/linitiative.ca\/International\/wp-json\/wp\/v2\/media?parent=51028"}],"wp:term":[{"taxonomy":"category","embeddable":true,"href":"https:\/\/linitiative.ca\/International\/wp-json\/wp\/v2\/categories?post=51028"},{"taxonomy":"post_tag","embeddable":true,"href":"https:\/\/linitiative.ca\/International\/wp-json\/wp\/v2\/tags?post=51028"}],"curies":[{"name":"wp","href":"https:\/\/api.w.org\/{rel}","templated":true}]}}