{"id":51030,"date":"2019-08-09T15:14:22","date_gmt":"2019-08-09T19:14:22","guid":{"rendered":"https:\/\/linitiative.ca\/International\/pros-oukidjale-rc-strasbourg-un-match-comme-un-autre\/"},"modified":"2019-08-09T15:14:22","modified_gmt":"2019-08-09T19:14:22","slug":"pros-oukidjale-rc-strasbourg-un-match-comme-un-autre","status":"publish","type":"post","link":"https:\/\/linitiative.ca\/International\/pros-oukidjale-rc-strasbourg-un-match-comme-un-autre\/","title":{"rendered":"Pros : Oukidja:\u00a0\u00bbLe RC Strasbourg, un match comme un autre\u00a0\u00bb"},"content":{"rendered":"<div readability=\"32\">\n<p>Auteur : <span class=\"time\">vendredi 09 ao\u00fbt 2019 16:21<\/span><\/p>\n<\/div>\n<div id=\"post_core\" readability=\"42\">\n<p>Alexandre Oukidja a pass\u00e9 quatre belles saisons avec Strasbourg. Mais le gardien du FC Metz n\u2019aura \u00ab pas de pic d\u2019\u00e9motion \u00bb lors de son retour \u00e0 La Meinau, ce dimanche en grenat: \u00abJe ne change pas mes habitudes. Oui, d\u00e9marrer dans ce stade, c\u2019est beau. Mais c\u2019est un match de Ligue 1, un adversaire comme un autre.\u00bb a-t-il d\u00e9clar\u00e9 \u00e0 Le R\u00e9publicain Lorrain, avant d\u2019ajouter\u00a0:\u00a0\u00abIl n\u2019y aura pas de pic d\u2019\u00e9motion. Je saluerai des anciens co\u00e9quipiers et des gens du club \u00e0 la fin du match mais, pendant, ce sera une \u00e9quipe comme une autre.\u00bb<\/p>\n<p><strong>Publi\u00e9 dans :<\/strong> <span>Oukidja<\/span><\/p>\n<\/div>\n<p>Auteur:<br \/>\n<a href=\"http:\/\/www.lebuteur.com\/article\/detail?titre=oukidja-le-rc-strasbourg-un-match-comme-un-autre&#038;id=90974&#038;utm_source=feedburner&#038;utm_medium=feed&#038;utm_campaign=Feed%3A+GalerieFArtciles+%28Les+derniers+articles++-+lebuteur.com%29\">Cliquez ici pour lire l&rsquo;article depuis sa source.<\/a><\/p>\n","protected":false},"excerpt":{"rendered":"<p>Auteur : vendredi 09 ao\u00fbt 2019 16:21 Alexandre Oukidja a pass\u00e9 quatre belles saisons avec Strasbourg. Mais le gardien du FC Metz n\u2019aura \u00ab pas de pic d\u2019\u00e9motion \u00bb lors de son retour \u00e0 La Meinau, ce dimanche en grenat: \u00abJe ne change pas mes habitudes. Oui, d\u00e9marrer dans ce stade, c\u2019est beau. Mais c\u2019est [&hellip;]<\/p>\n","protected":false},"author":1738,"featured_media":51031,"comment_status":"closed","ping_status":"closed","sticky":false,"template":"","format":"standard","meta":{"fifu_image_url":"","fifu_image_alt":"","footnotes":""},"categories":[53,75],"tags":[],"class_list":["post-51030","post","type-post","status-publish","format-standard","has-post-thumbnail","hentry","category-algerie","category-sport"],"_links":{"self":[{"href":"https:\/\/linitiative.ca\/International\/wp-json\/wp\/v2\/posts\/51030","targetHints":{"allow":["GET"]}}],"collection":[{"href":"https:\/\/linitiative.ca\/International\/wp-json\/wp\/v2\/posts"}],"about":[{"href":"https:\/\/linitiative.ca\/International\/wp-json\/wp\/v2\/types\/post"}],"author":[{"embeddable":true,"href":"https:\/\/linitiative.ca\/International\/wp-json\/wp\/v2\/users\/1738"}],"replies":[{"embeddable":true,"href":"https:\/\/linitiative.ca\/International\/wp-json\/wp\/v2\/comments?post=51030"}],"version-history":[{"count":0,"href":"https:\/\/linitiative.ca\/International\/wp-json\/wp\/v2\/posts\/51030\/revisions"}],"wp:featuredmedia":[{"embeddable":true,"href":"https:\/\/linitiative.ca\/International\/wp-json\/"}],"wp:attachment":[{"href":"https:\/\/linitiative.ca\/International\/wp-json\/wp\/v2\/media?parent=51030"}],"wp:term":[{"taxonomy":"category","embeddable":true,"href":"https:\/\/linitiative.ca\/International\/wp-json\/wp\/v2\/categories?post=51030"},{"taxonomy":"post_tag","embeddable":true,"href":"https:\/\/linitiative.ca\/International\/wp-json\/wp\/v2\/tags?post=51030"}],"curies":[{"name":"wp","href":"https:\/\/api.w.org\/{rel}","templated":true}]}}