{"id":51032,"date":"2019-08-09T15:14:23","date_gmt":"2019-08-09T19:14:23","guid":{"rendered":"https:\/\/linitiative.ca\/International\/international-psg-neymar-reste-ferme-pour-son-avenir\/"},"modified":"2019-08-09T15:14:23","modified_gmt":"2019-08-09T19:14:23","slug":"international-psg-neymar-reste-ferme-pour-son-avenir","status":"publish","type":"post","link":"https:\/\/linitiative.ca\/International\/international-psg-neymar-reste-ferme-pour-son-avenir\/","title":{"rendered":"International : PSG : Neymar reste ferme pour son avenir !"},"content":{"rendered":"<div readability=\"32\">\n<p>Auteur : <span class=\"time\">vendredi 09 ao\u00fbt 2019 16:23<\/span><\/p>\n<\/div>\n<div id=\"post_core\" readability=\"49\">\n<p>Neymar souhaite quitter le PSG, deux ans apr\u00e8s son arriv\u00e9e au club en provenance du FC Barcelone, qu\u2019il aimerait retrouver cet \u00e9t\u00e9. Cependant, si le club de la capitale est ouvert \u00e0 un d\u00e9part de la star br\u00e9silienne comme l\u2019avait fait savoir Leonardo, il compte s\u2019y retrouver financi\u00e8rement si le Br\u00e9silien s\u2019en va. C\u2019est pourquoi l\u2019ancien joueur de Santos serait toujours au PSG \u00e0 l\u2019heure actuelle, dans la mesure o\u00f9 le FC Barcelone n\u2019aurait pas formul\u00e9 d\u2019offre \u00e0 la hauteur des pr\u00e9tentions parisiennes. Selon nos informations les Parisiens auraient entam\u00e9 des n\u00e9gociations avec le Real Madrid, mais Neymar n&rsquo;aurait pas chang\u00e9 d&rsquo;avis au sujet de son avenir, bien que son dossier traine en longueur. D\u2019apr\u00e8s les informations de Paris United, Neymar n\u2019en d\u00e9mordrait pas et n\u2019aurait plus aucune intention de porter de nouveau le maillot du PSG. Dans cette perspective, alors que sa volont\u00e9 de d\u00e9part resterait intacte, l\u2019attaquant br\u00e9silien ne devrait pas \u00eatre pr\u00e9sent sur la feuille de match pour la rencontre face \u00e0 N\u00eemes, pr\u00e9vue dimanche soir prochain au Parc des Princes \u00e0 l\u2019occasion de la reprise de la Ligue 1. S\u2019il parvient \u00e0 quitter le club, Neymar privil\u00e9gierait toujours un retour au FC Barcelone pour y retrouver Lionel Messi et Luis Suarez. Reste \u00e0 savoir si le club catalan parviendra \u00e0 convaincre le PSG avec une offre suffisante rapporte Le 10 Sport.<\/p>\n<p><strong>Publi\u00e9 dans :<\/strong> <span>neymar<\/span> <span>PSG<\/span><\/p>\n<\/div>\n<p>Auteur:<br \/>\n<a href=\"http:\/\/www.lebuteur.com\/article\/detail?titre=psg-neymar-reste-ferme-pour-son-avenir&#038;id=90975&#038;utm_source=feedburner&#038;utm_medium=feed&#038;utm_campaign=Feed%3A+GalerieFArtciles+%28Les+derniers+articles++-+lebuteur.com%29\">Cliquez ici pour lire l&rsquo;article depuis sa source.<\/a><\/p>\n","protected":false},"excerpt":{"rendered":"<p>Auteur : vendredi 09 ao\u00fbt 2019 16:23 Neymar souhaite quitter le PSG, deux ans apr\u00e8s son arriv\u00e9e au club en provenance du FC Barcelone, qu\u2019il aimerait retrouver cet \u00e9t\u00e9. Cependant, si le club de la capitale est ouvert \u00e0 un d\u00e9part de la star br\u00e9silienne comme l\u2019avait fait savoir Leonardo, il compte s\u2019y retrouver financi\u00e8rement [&hellip;]<\/p>\n","protected":false},"author":1738,"featured_media":51033,"comment_status":"closed","ping_status":"closed","sticky":false,"template":"","format":"standard","meta":{"fifu_image_url":"","fifu_image_alt":"","footnotes":""},"categories":[53,75],"tags":[],"class_list":["post-51032","post","type-post","status-publish","format-standard","has-post-thumbnail","hentry","category-algerie","category-sport"],"_links":{"self":[{"href":"https:\/\/linitiative.ca\/International\/wp-json\/wp\/v2\/posts\/51032","targetHints":{"allow":["GET"]}}],"collection":[{"href":"https:\/\/linitiative.ca\/International\/wp-json\/wp\/v2\/posts"}],"about":[{"href":"https:\/\/linitiative.ca\/International\/wp-json\/wp\/v2\/types\/post"}],"author":[{"embeddable":true,"href":"https:\/\/linitiative.ca\/International\/wp-json\/wp\/v2\/users\/1738"}],"replies":[{"embeddable":true,"href":"https:\/\/linitiative.ca\/International\/wp-json\/wp\/v2\/comments?post=51032"}],"version-history":[{"count":0,"href":"https:\/\/linitiative.ca\/International\/wp-json\/wp\/v2\/posts\/51032\/revisions"}],"wp:featuredmedia":[{"embeddable":true,"href":"https:\/\/linitiative.ca\/International\/wp-json\/"}],"wp:attachment":[{"href":"https:\/\/linitiative.ca\/International\/wp-json\/wp\/v2\/media?parent=51032"}],"wp:term":[{"taxonomy":"category","embeddable":true,"href":"https:\/\/linitiative.ca\/International\/wp-json\/wp\/v2\/categories?post=51032"},{"taxonomy":"post_tag","embeddable":true,"href":"https:\/\/linitiative.ca\/International\/wp-json\/wp\/v2\/tags?post=51032"}],"curies":[{"name":"wp","href":"https:\/\/api.w.org\/{rel}","templated":true}]}}