{"id":51034,"date":"2019-08-09T15:14:24","date_gmt":"2019-08-09T19:14:24","guid":{"rendered":"https:\/\/linitiative.ca\/International\/pros-bensebaini-proche-du-borussia-monchengladbach\/"},"modified":"2019-08-09T15:14:24","modified_gmt":"2019-08-09T19:14:24","slug":"pros-bensebaini-proche-du-borussia-monchengladbach","status":"publish","type":"post","link":"https:\/\/linitiative.ca\/International\/pros-bensebaini-proche-du-borussia-monchengladbach\/","title":{"rendered":"Pros : Bensebaini proche du Borussia M\u00f6nchengladbach"},"content":{"rendered":"<div readability=\"32\">\n<p>Auteur : <span class=\"time\">vendredi 09 ao\u00fbt 2019 17:21<\/span><\/p>\n<\/div>\n<div id=\"post_core\" readability=\"47\">\n<p>Apr\u00e8s Tomas Koubek (Augsbourg), Mexer (Bordeaux), Benjamin Andr\u00e9 (Lille), Hatem Ben Arfa (libre) et Isma\u00efla Sarr (Watford), Rennes s&rsquo;appr\u00eate \u00e0 perdre un autre de ses titulaires de la saison pass\u00e9e. Ramy Bensebaini (24 ans), vainqueur de la CAN en juillet avec l&rsquo;Alg\u00e9rie, et \u00e0 qui il reste un an de contrat en Bretagne, devrait en effet rejoindre le Borussia M\u00f6nchengladbach de l&rsquo;ex-Guingampais Marcus Thuram, pour une somme avoisinant les 10 millions d&rsquo;euros. \u00ab On n&rsquo;est pas tr\u00e8s loin d&rsquo;un accord \u00bb, a signal\u00e9 ce vendredi midi le pr\u00e9sident rennais Olivier L\u00e9tang au sujet de son lat\u00e9ral gauche. Un poste o\u00f9 peuvent \u00e9voluer Faitout Maouassa, J\u00e9r\u00e9my Morel ou Souleyman Doumbia rapporte L\u2019Equipe.fr.<\/p>\n<p><strong>Publi\u00e9 dans :<\/strong> <span>Bensebaini<\/span><\/p>\n<\/div>\n<p>Auteur:<br \/>\n<a href=\"http:\/\/www.lebuteur.com\/article\/detail?titre=bensebaini-proche-du-borussia-monchengladbach&#038;id=90976&#038;utm_source=feedburner&#038;utm_medium=feed&#038;utm_campaign=Feed%3A+GalerieFArtciles+%28Les+derniers+articles++-+lebuteur.com%29\">Cliquez ici pour lire l&rsquo;article depuis sa source.<\/a><\/p>\n","protected":false},"excerpt":{"rendered":"<p>Auteur : vendredi 09 ao\u00fbt 2019 17:21 Apr\u00e8s Tomas Koubek (Augsbourg), Mexer (Bordeaux), Benjamin Andr\u00e9 (Lille), Hatem Ben Arfa (libre) et Isma\u00efla Sarr (Watford), Rennes s&rsquo;appr\u00eate \u00e0 perdre un autre de ses titulaires de la saison pass\u00e9e. Ramy Bensebaini (24 ans), vainqueur de la CAN en juillet avec l&rsquo;Alg\u00e9rie, et \u00e0 qui il reste un [&hellip;]<\/p>\n","protected":false},"author":1738,"featured_media":51035,"comment_status":"closed","ping_status":"closed","sticky":false,"template":"","format":"standard","meta":{"fifu_image_url":"","fifu_image_alt":"","footnotes":""},"categories":[53,75],"tags":[],"class_list":["post-51034","post","type-post","status-publish","format-standard","has-post-thumbnail","hentry","category-algerie","category-sport"],"_links":{"self":[{"href":"https:\/\/linitiative.ca\/International\/wp-json\/wp\/v2\/posts\/51034","targetHints":{"allow":["GET"]}}],"collection":[{"href":"https:\/\/linitiative.ca\/International\/wp-json\/wp\/v2\/posts"}],"about":[{"href":"https:\/\/linitiative.ca\/International\/wp-json\/wp\/v2\/types\/post"}],"author":[{"embeddable":true,"href":"https:\/\/linitiative.ca\/International\/wp-json\/wp\/v2\/users\/1738"}],"replies":[{"embeddable":true,"href":"https:\/\/linitiative.ca\/International\/wp-json\/wp\/v2\/comments?post=51034"}],"version-history":[{"count":0,"href":"https:\/\/linitiative.ca\/International\/wp-json\/wp\/v2\/posts\/51034\/revisions"}],"wp:featuredmedia":[{"embeddable":true,"href":"https:\/\/linitiative.ca\/International\/wp-json\/"}],"wp:attachment":[{"href":"https:\/\/linitiative.ca\/International\/wp-json\/wp\/v2\/media?parent=51034"}],"wp:term":[{"taxonomy":"category","embeddable":true,"href":"https:\/\/linitiative.ca\/International\/wp-json\/wp\/v2\/categories?post=51034"},{"taxonomy":"post_tag","embeddable":true,"href":"https:\/\/linitiative.ca\/International\/wp-json\/wp\/v2\/tags?post=51034"}],"curies":[{"name":"wp","href":"https:\/\/api.w.org\/{rel}","templated":true}]}}