{"id":51036,"date":"2019-08-09T15:14:25","date_gmt":"2019-08-09T19:14:25","guid":{"rendered":"https:\/\/linitiative.ca\/International\/international-ajax-hakim-ziyech-prolonge-son-bail\/"},"modified":"2019-08-09T15:14:25","modified_gmt":"2019-08-09T19:14:25","slug":"international-ajax-hakim-ziyech-prolonge-son-bail","status":"publish","type":"post","link":"https:\/\/linitiative.ca\/International\/international-ajax-hakim-ziyech-prolonge-son-bail\/","title":{"rendered":"International : Ajax : Hakim Ziyech prolonge son bail"},"content":{"rendered":"<div readability=\"32\">\n<p>Auteur : <span class=\"time\">vendredi 09 ao\u00fbt 2019 18:30<\/span><\/p>\n<\/div>\n<div id=\"post_core\" readability=\"41\">\n<p>Finalement, l\u2019international marocain va rester \u00e0 l\u2019Ajax Amsterdam. Selon Footmercato, alors qu\u2019il \u00e9tait sous contrat jusqu\u2019en juin 2021 avec les Lanciers, le joueur \u00e2g\u00e9 de 26 ans a d\u00e9cid\u00e9 de rajouter un ann\u00e9e \u00e0 son bail. D\u00e9sormais, Hakim Ziyech est li\u00e9 \u00e0 l\u2019Ajax Amsterdam jusqu\u2019en 2022.<\/p>\n<p><strong>Publi\u00e9 dans :<\/strong> <span>Ajax<\/span> <span>Ziyech<\/span><\/p>\n<\/div>\n<p>Auteur:<br \/>\n<a href=\"http:\/\/www.lebuteur.com\/article\/detail?titre=ajax-hakim-ziyech-prolonge-son-bail&#038;id=90977&#038;utm_source=feedburner&#038;utm_medium=feed&#038;utm_campaign=Feed%3A+GalerieFArtciles+%28Les+derniers+articles++-+lebuteur.com%29\">Cliquez ici pour lire l&rsquo;article depuis sa source.<\/a><\/p>\n","protected":false},"excerpt":{"rendered":"<p>Auteur : vendredi 09 ao\u00fbt 2019 18:30 Finalement, l\u2019international marocain va rester \u00e0 l\u2019Ajax Amsterdam. Selon Footmercato, alors qu\u2019il \u00e9tait sous contrat jusqu\u2019en juin 2021 avec les Lanciers, le joueur \u00e2g\u00e9 de 26 ans a d\u00e9cid\u00e9 de rajouter un ann\u00e9e \u00e0 son bail. D\u00e9sormais, Hakim Ziyech est li\u00e9 \u00e0 l\u2019Ajax Amsterdam jusqu\u2019en 2022. Publi\u00e9 dans [&hellip;]<\/p>\n","protected":false},"author":1738,"featured_media":51037,"comment_status":"closed","ping_status":"closed","sticky":false,"template":"","format":"standard","meta":{"fifu_image_url":"","fifu_image_alt":"","footnotes":""},"categories":[53,75],"tags":[],"class_list":["post-51036","post","type-post","status-publish","format-standard","has-post-thumbnail","hentry","category-algerie","category-sport"],"_links":{"self":[{"href":"https:\/\/linitiative.ca\/International\/wp-json\/wp\/v2\/posts\/51036","targetHints":{"allow":["GET"]}}],"collection":[{"href":"https:\/\/linitiative.ca\/International\/wp-json\/wp\/v2\/posts"}],"about":[{"href":"https:\/\/linitiative.ca\/International\/wp-json\/wp\/v2\/types\/post"}],"author":[{"embeddable":true,"href":"https:\/\/linitiative.ca\/International\/wp-json\/wp\/v2\/users\/1738"}],"replies":[{"embeddable":true,"href":"https:\/\/linitiative.ca\/International\/wp-json\/wp\/v2\/comments?post=51036"}],"version-history":[{"count":0,"href":"https:\/\/linitiative.ca\/International\/wp-json\/wp\/v2\/posts\/51036\/revisions"}],"wp:featuredmedia":[{"embeddable":true,"href":"https:\/\/linitiative.ca\/International\/wp-json\/"}],"wp:attachment":[{"href":"https:\/\/linitiative.ca\/International\/wp-json\/wp\/v2\/media?parent=51036"}],"wp:term":[{"taxonomy":"category","embeddable":true,"href":"https:\/\/linitiative.ca\/International\/wp-json\/wp\/v2\/categories?post=51036"},{"taxonomy":"post_tag","embeddable":true,"href":"https:\/\/linitiative.ca\/International\/wp-json\/wp\/v2\/tags?post=51036"}],"curies":[{"name":"wp","href":"https:\/\/api.w.org\/{rel}","templated":true}]}}