{"id":51038,"date":"2019-08-09T15:14:26","date_gmt":"2019-08-09T19:14:26","guid":{"rendered":"https:\/\/linitiative.ca\/International\/international-arsenal-les-premiers-mots-de-david-luiz\/"},"modified":"2019-08-09T15:14:26","modified_gmt":"2019-08-09T19:14:26","slug":"international-arsenal-les-premiers-mots-de-david-luiz","status":"publish","type":"post","link":"https:\/\/linitiative.ca\/International\/international-arsenal-les-premiers-mots-de-david-luiz\/","title":{"rendered":"International : Arsenal : Les premiers mots de David Luiz"},"content":{"rendered":"<div readability=\"32\">\n<p>Auteur : <span class=\"time\">vendredi 09 ao\u00fbt 2019 19:00<\/span><\/p>\n<\/div>\n<div id=\"post_core\" readability=\"50\">\n<p>Sur le fil, Arsenal a recrut\u00e9 David Luiz pour 8,5 M\u20ac. Avec le d\u00e9part de Laurent Koscileny pour Bordeaux, le club londonien \u00e9tait \u00e0 la recherche d\u2019un d\u00e9fenseur central exp\u00e9riment\u00e9 et l\u2019\u00e9quipe d\u2019Unai Emery a trouv\u00e9 son bonheur avec le Br\u00e9silien. Apr\u00e8s son arriv\u00e9e, l\u2019ancien joueur de Chelsea ou du PSG est revenu sur son choix de rejoindre les Gunners.<\/p>\n<p>\u00ab\u00a0Je tiens \u00e0 vous remercier, les fans d\u2019Arsenal, pour vos excellents messages et votre accueil. Je suis ici pour tout donner et essayer de faire arriver ce club o\u00f9 il le m\u00e9rite, en remportant de gros matches et de grands titres. Faisons le ensemble. Je suis tellement excit\u00e9e d\u2019\u00eatre ici\u00a0\u00bb, a d\u00e9clar\u00e9 le d\u00e9fenseur rapporte Footmercato.<\/p>\n<p><strong>Publi\u00e9 dans :<\/strong> <span>david luiz<\/span> <span>Arsenal<\/span><\/p>\n<\/div>\n<p>Auteur:<br \/>\n<a href=\"http:\/\/www.lebuteur.com\/article\/detail?titre=arsenal-les-premiers-mots-de-david-luiz&#038;id=90978&#038;utm_source=feedburner&#038;utm_medium=feed&#038;utm_campaign=Feed%3A+GalerieFArtciles+%28Les+derniers+articles++-+lebuteur.com%29\">Cliquez ici pour lire l&rsquo;article depuis sa source.<\/a><\/p>\n","protected":false},"excerpt":{"rendered":"<p>Auteur : vendredi 09 ao\u00fbt 2019 19:00 Sur le fil, Arsenal a recrut\u00e9 David Luiz pour 8,5 M\u20ac. Avec le d\u00e9part de Laurent Koscileny pour Bordeaux, le club londonien \u00e9tait \u00e0 la recherche d\u2019un d\u00e9fenseur central exp\u00e9riment\u00e9 et l\u2019\u00e9quipe d\u2019Unai Emery a trouv\u00e9 son bonheur avec le Br\u00e9silien. Apr\u00e8s son arriv\u00e9e, l\u2019ancien joueur de Chelsea [&hellip;]<\/p>\n","protected":false},"author":1738,"featured_media":51039,"comment_status":"closed","ping_status":"closed","sticky":false,"template":"","format":"standard","meta":{"fifu_image_url":"","fifu_image_alt":"","footnotes":""},"categories":[53,75],"tags":[],"class_list":["post-51038","post","type-post","status-publish","format-standard","has-post-thumbnail","hentry","category-algerie","category-sport"],"_links":{"self":[{"href":"https:\/\/linitiative.ca\/International\/wp-json\/wp\/v2\/posts\/51038","targetHints":{"allow":["GET"]}}],"collection":[{"href":"https:\/\/linitiative.ca\/International\/wp-json\/wp\/v2\/posts"}],"about":[{"href":"https:\/\/linitiative.ca\/International\/wp-json\/wp\/v2\/types\/post"}],"author":[{"embeddable":true,"href":"https:\/\/linitiative.ca\/International\/wp-json\/wp\/v2\/users\/1738"}],"replies":[{"embeddable":true,"href":"https:\/\/linitiative.ca\/International\/wp-json\/wp\/v2\/comments?post=51038"}],"version-history":[{"count":0,"href":"https:\/\/linitiative.ca\/International\/wp-json\/wp\/v2\/posts\/51038\/revisions"}],"wp:featuredmedia":[{"embeddable":true,"href":"https:\/\/linitiative.ca\/International\/wp-json\/"}],"wp:attachment":[{"href":"https:\/\/linitiative.ca\/International\/wp-json\/wp\/v2\/media?parent=51038"}],"wp:term":[{"taxonomy":"category","embeddable":true,"href":"https:\/\/linitiative.ca\/International\/wp-json\/wp\/v2\/categories?post=51038"},{"taxonomy":"post_tag","embeddable":true,"href":"https:\/\/linitiative.ca\/International\/wp-json\/wp\/v2\/tags?post=51038"}],"curies":[{"name":"wp","href":"https:\/\/api.w.org\/{rel}","templated":true}]}}