{"id":51040,"date":"2019-08-09T15:14:28","date_gmt":"2019-08-09T19:14:28","guid":{"rendered":"https:\/\/linitiative.ca\/International\/pros-man-city-mahrez-apte-pour-le-match-face-a-west-ham\/"},"modified":"2019-08-09T15:14:28","modified_gmt":"2019-08-09T19:14:28","slug":"pros-man-city-mahrez-apte-pour-le-match-face-a-west-ham","status":"publish","type":"post","link":"https:\/\/linitiative.ca\/International\/pros-man-city-mahrez-apte-pour-le-match-face-a-west-ham\/","title":{"rendered":"Pros : Man City : Mahrez apte pour le match face \u00e0 West Ham"},"content":{"rendered":"<div readability=\"32\">\n<p>Auteur : <span class=\"time\">vendredi 09 ao\u00fbt 2019 19:44<\/span><\/p>\n<\/div>\n<div id=\"post_core\" readability=\"38\">\n<p>Si Liverpool affronte ce vendredi soir Norwich en match d&rsquo;ouverture de cette premi\u00e8re journ\u00e9e, le champion en titre entrera en sc\u00e8ne ce samedi \u00e0 partir de 12h30 face \u00e0 West Ham. Du c\u00f4t\u00e9 des Citizens, Leroy San\u00e9 et Benjamin Mendy sont out tandis que Fernandinho, Laporte et Mahrez sont aptes \u00e0 jouer cette rencontre. Rappelons que l&rsquo;international alg\u00e9rien n&rsquo;a pas particip\u00e9 au match de Community Shield face \u00e0 Liverpool dimanche dernier.<\/p>\n<p><strong>Publi\u00e9 dans :<\/strong> <span>Mahrez<\/span><\/p>\n<\/div>\n<p>Auteur:<br \/>\n<a href=\"http:\/\/www.lebuteur.com\/article\/detail?titre=man-city-mahrez-apte-pour-le-match-face-a-west-ham&#038;id=90979&#038;utm_source=feedburner&#038;utm_medium=feed&#038;utm_campaign=Feed%3A+GalerieFArtciles+%28Les+derniers+articles++-+lebuteur.com%29\">Cliquez ici pour lire l&rsquo;article depuis sa source.<\/a><\/p>\n","protected":false},"excerpt":{"rendered":"<p>Auteur : vendredi 09 ao\u00fbt 2019 19:44 Si Liverpool affronte ce vendredi soir Norwich en match d&rsquo;ouverture de cette premi\u00e8re journ\u00e9e, le champion en titre entrera en sc\u00e8ne ce samedi \u00e0 partir de 12h30 face \u00e0 West Ham. Du c\u00f4t\u00e9 des Citizens, Leroy San\u00e9 et Benjamin Mendy sont out tandis que Fernandinho, Laporte et Mahrez [&hellip;]<\/p>\n","protected":false},"author":1738,"featured_media":51041,"comment_status":"closed","ping_status":"closed","sticky":false,"template":"","format":"standard","meta":{"fifu_image_url":"","fifu_image_alt":"","footnotes":""},"categories":[53,75],"tags":[],"class_list":["post-51040","post","type-post","status-publish","format-standard","has-post-thumbnail","hentry","category-algerie","category-sport"],"_links":{"self":[{"href":"https:\/\/linitiative.ca\/International\/wp-json\/wp\/v2\/posts\/51040","targetHints":{"allow":["GET"]}}],"collection":[{"href":"https:\/\/linitiative.ca\/International\/wp-json\/wp\/v2\/posts"}],"about":[{"href":"https:\/\/linitiative.ca\/International\/wp-json\/wp\/v2\/types\/post"}],"author":[{"embeddable":true,"href":"https:\/\/linitiative.ca\/International\/wp-json\/wp\/v2\/users\/1738"}],"replies":[{"embeddable":true,"href":"https:\/\/linitiative.ca\/International\/wp-json\/wp\/v2\/comments?post=51040"}],"version-history":[{"count":0,"href":"https:\/\/linitiative.ca\/International\/wp-json\/wp\/v2\/posts\/51040\/revisions"}],"wp:featuredmedia":[{"embeddable":true,"href":"https:\/\/linitiative.ca\/International\/wp-json\/"}],"wp:attachment":[{"href":"https:\/\/linitiative.ca\/International\/wp-json\/wp\/v2\/media?parent=51040"}],"wp:term":[{"taxonomy":"category","embeddable":true,"href":"https:\/\/linitiative.ca\/International\/wp-json\/wp\/v2\/categories?post=51040"},{"taxonomy":"post_tag","embeddable":true,"href":"https:\/\/linitiative.ca\/International\/wp-json\/wp\/v2\/tags?post=51040"}],"curies":[{"name":"wp","href":"https:\/\/api.w.org\/{rel}","templated":true}]}}