{"id":51072,"date":"2019-08-09T08:00:00","date_gmt":"2019-08-09T12:00:00","guid":{"rendered":"https:\/\/linitiative.ca\/International\/lannee-scolaire-2019-2020-debutera-le-mardi-17-septembre-2019\/"},"modified":"2019-08-09T08:00:00","modified_gmt":"2019-08-09T12:00:00","slug":"lannee-scolaire-2019-2020-debutera-le-mardi-17-septembre-2019","status":"publish","type":"post","link":"https:\/\/linitiative.ca\/International\/lannee-scolaire-2019-2020-debutera-le-mardi-17-septembre-2019\/","title":{"rendered":"L&rsquo;ann\u00e9e scolaire 2019-2020 d\u00e9butera le mardi 17 septembre 2019"},"content":{"rendered":"<p>Dans une circulaire, le minist\u00e8re de l\u2019Education annonce que\u00a0 L\u2019ann\u00e9e scolaire 2019-2020 d\u00e9butera le mardi 17 septembre 2019 pour les \u00e9l\u00e8ves inscrits aux \u00e9coles primaires, aux coll\u00e8ges et aux lyc\u00e9es publics et priv\u00e9s.<\/p>\n<p>Quant aux vacances scolaires, elles sont comme suit : f\u00eate de l\u2019\u00e9vacuation (15 octobre 2019), vacances de la moiti\u00e9 du premier trimestre du 28 octobre au 3 novembre 2019, vacances de l\u2019hiver et du jour de l\u2019an du 16 d\u00e9cembre\u00a0 2019 au 1er janvier 2020, f\u00eate de la r\u00e9volution (14 janvier 2020), vacances de la moiti\u00e9 du deuxi\u00e8me trimestre du 3 au 9 f\u00e9vrier 2020, vacances du printemps du 16 au 29 mars 2020, f\u00eate des martyrs (9 avril 2020), f\u00eate du travail (1er mai 2020), A\u00efd el Fitr trois jours fix\u00e9s ult\u00e9rieurement.<\/p>\n<p>L\u2019ann\u00e9e scolaire 2019-2020 prendra fin\u00a0 mardi 30 juin 2020.<br \/>\u00a0<\/p>\n<p>Auteur:<br \/>\n<a href=\"https:\/\/www.leaders.com.tn\/article\/27731-l-annee-scolaire-2019-2020-debutera-le-mardi-19-septembre-2019\">Cliquez ici pour lire l&rsquo;article depuis sa source.<\/a><\/p>\n","protected":false},"excerpt":{"rendered":"<p>Dans une circulaire, le minist\u00e8re de l\u2019Education annonce que\u00a0 L\u2019ann\u00e9e scolaire 2019-2020 d\u00e9butera le mardi 17 septembre 2019 pour les \u00e9l\u00e8ves inscrits aux \u00e9coles primaires, aux coll\u00e8ges et aux lyc\u00e9es publics et priv\u00e9s. Quant aux vacances scolaires, elles sont comme suit : f\u00eate de l\u2019\u00e9vacuation (15 octobre 2019), vacances de la moiti\u00e9 du premier trimestre [&hellip;]<\/p>\n","protected":false},"author":1772,"featured_media":0,"comment_status":"closed","ping_status":"closed","sticky":false,"template":"","format":"standard","meta":{"fifu_image_url":"","fifu_image_alt":"","footnotes":""},"categories":[73,55],"tags":[],"class_list":["post-51072","post","type-post","status-publish","format-standard","hentry","category-actualite","category-tunisie"],"_links":{"self":[{"href":"https:\/\/linitiative.ca\/International\/wp-json\/wp\/v2\/posts\/51072","targetHints":{"allow":["GET"]}}],"collection":[{"href":"https:\/\/linitiative.ca\/International\/wp-json\/wp\/v2\/posts"}],"about":[{"href":"https:\/\/linitiative.ca\/International\/wp-json\/wp\/v2\/types\/post"}],"author":[{"embeddable":true,"href":"https:\/\/linitiative.ca\/International\/wp-json\/wp\/v2\/users\/1772"}],"replies":[{"embeddable":true,"href":"https:\/\/linitiative.ca\/International\/wp-json\/wp\/v2\/comments?post=51072"}],"version-history":[{"count":0,"href":"https:\/\/linitiative.ca\/International\/wp-json\/wp\/v2\/posts\/51072\/revisions"}],"wp:attachment":[{"href":"https:\/\/linitiative.ca\/International\/wp-json\/wp\/v2\/media?parent=51072"}],"wp:term":[{"taxonomy":"category","embeddable":true,"href":"https:\/\/linitiative.ca\/International\/wp-json\/wp\/v2\/categories?post=51072"},{"taxonomy":"post_tag","embeddable":true,"href":"https:\/\/linitiative.ca\/International\/wp-json\/wp\/v2\/tags?post=51072"}],"curies":[{"name":"wp","href":"https:\/\/api.w.org\/{rel}","templated":true}]}}