{"id":51073,"date":"2019-08-09T09:44:00","date_gmt":"2019-08-09T13:44:00","guid":{"rendered":"https:\/\/linitiative.ca\/International\/presidentielles-marzouk-mourou-said-fakhfakh-et-s-elloumi-deposent-leur-candidature-photos\/"},"modified":"2019-08-09T09:44:00","modified_gmt":"2019-08-09T13:44:00","slug":"presidentielles-marzouk-mourou-said-fakhfakh-et-s-elloumi-deposent-leur-candidature-photos","status":"publish","type":"post","link":"https:\/\/linitiative.ca\/International\/presidentielles-marzouk-mourou-said-fakhfakh-et-s-elloumi-deposent-leur-candidature-photos\/","title":{"rendered":"Pr\u00e9sidentielles : Marzouk, Mourou, Sa\u00efd, Fakhfakh et S. Elloumi d\u00e9posent leur candidature (Photos)"},"content":{"rendered":"<p class=\"MsoNormal\">A quelques heures de la cl\u00f4ture du d\u00e9p\u00f4t des candidatures aux \u00e9lections pr\u00e9sidentielles, plusieurs candidats se sont pr\u00e9sent\u00e9s ce vendredi au si\u00e8ge de l\u2019ISIE. Abelfattah Mourou, pr\u00e9sident<span class=\"c2\">\u00a0<\/span> de l\u2019ARP par int\u00e9rim qui repr\u00e9sentait Ennahdha et Mohsen Marzouk, secr\u00e9taire g\u00e9n\u00e9ral de Machrou Toun\u00e8s.<\/p>\n<p class=\"MsoNormal\">Le premier a soulign\u00e9 que l\u2019\u00e9tape \u00e0 venir n\u00e9cessitait la conjugaison des efforts et la mobilisation des toutes les comp\u00e9tences et s\u2019est dit honor\u00e9 de s\u2019\u00eatre mis une fois de plus au service du pays. Alors que Mohsen Marzouk\u00a0 estime qu&rsquo;il\u00a0 est en mesure de mener \u00e0 bien la t\u00e2che pour laquelle il s\u2019est port\u00e9 candidat, \u00e9voquant sa longue exprience dans le militantisme politique depuis le mouvement estudiantin jusqu&rsquo;\u00e0 la r\u00e9volution.<\/p>\n<p class=\"MsoNormal\">Ils ont \u00e9t\u00e9 suivis dans l&rsquo;apr\u00e8s midi par Ka\u00efs Sa\u00efd et Ly\u00e8s Fakhfekh et Selma Elloumi. Slim Riahi ne viendra pas, mais pourra d\u00e9poser sa candidature par procuration), d&rsquo;autres comme Selma Elloumi ont jusqu&rsquo;\u00e0 18 heures pour compl\u00e9ter leurs dossiers.\u00a0 <span class=\"c2\"><br \/><\/span><\/p>\n<p class=\"MsoNormal\"><span class=\"c2\">Au total 70 personnes se sont port\u00e9es candidates \u00e0 ses \u00e9lections dont une bonne cinquantaine de candidatures fantaisistes.<\/span><\/p>\n<p>Auteur:<br \/>\n<a href=\"https:\/\/www.leaders.com.tn\/article\/27729-mohsen-marzouk-et-abdelfattah-mourou\">Cliquez ici pour lire l&rsquo;article depuis sa source.<\/a><\/p>\n","protected":false},"excerpt":{"rendered":"<p>A quelques heures de la cl\u00f4ture du d\u00e9p\u00f4t des candidatures aux \u00e9lections pr\u00e9sidentielles, plusieurs candidats se sont pr\u00e9sent\u00e9s ce vendredi au si\u00e8ge de l\u2019ISIE. Abelfattah Mourou, pr\u00e9sident\u00a0 de l\u2019ARP par int\u00e9rim qui repr\u00e9sentait Ennahdha et Mohsen Marzouk, secr\u00e9taire g\u00e9n\u00e9ral de Machrou Toun\u00e8s. Le premier a soulign\u00e9 que l\u2019\u00e9tape \u00e0 venir n\u00e9cessitait la conjugaison des efforts [&hellip;]<\/p>\n","protected":false},"author":1772,"featured_media":0,"comment_status":"closed","ping_status":"closed","sticky":false,"template":"","format":"standard","meta":{"fifu_image_url":"","fifu_image_alt":"","footnotes":""},"categories":[73,55],"tags":[],"class_list":["post-51073","post","type-post","status-publish","format-standard","hentry","category-actualite","category-tunisie"],"_links":{"self":[{"href":"https:\/\/linitiative.ca\/International\/wp-json\/wp\/v2\/posts\/51073","targetHints":{"allow":["GET"]}}],"collection":[{"href":"https:\/\/linitiative.ca\/International\/wp-json\/wp\/v2\/posts"}],"about":[{"href":"https:\/\/linitiative.ca\/International\/wp-json\/wp\/v2\/types\/post"}],"author":[{"embeddable":true,"href":"https:\/\/linitiative.ca\/International\/wp-json\/wp\/v2\/users\/1772"}],"replies":[{"embeddable":true,"href":"https:\/\/linitiative.ca\/International\/wp-json\/wp\/v2\/comments?post=51073"}],"version-history":[{"count":0,"href":"https:\/\/linitiative.ca\/International\/wp-json\/wp\/v2\/posts\/51073\/revisions"}],"wp:attachment":[{"href":"https:\/\/linitiative.ca\/International\/wp-json\/wp\/v2\/media?parent=51073"}],"wp:term":[{"taxonomy":"category","embeddable":true,"href":"https:\/\/linitiative.ca\/International\/wp-json\/wp\/v2\/categories?post=51073"},{"taxonomy":"post_tag","embeddable":true,"href":"https:\/\/linitiative.ca\/International\/wp-json\/wp\/v2\/tags?post=51073"}],"curies":[{"name":"wp","href":"https:\/\/api.w.org\/{rel}","templated":true}]}}